{"id":176104,"date":"2020-08-16T09:01:03","date_gmt":"2020-08-16T07:01:03","guid":{"rendered":"https:\/\/www.lesmaconsdelacreuse.fr\/annuaires\/?p=176104"},"modified":"2022-02-24T20:35:22","modified_gmt":"2022-02-24T19:35:22","slug":"theillaud-adrien-leon-1890-apres-1920","status":"publish","type":"post","link":"https:\/\/www.lesmaconsdelacreuse.fr\/annuaires\/lettre-t\/theillaud-adrien-leon-1890-apres-1920\/","title":{"rendered":"THEILLAUD Adrien L\u00e9on (1890 \u2013 1921)"},"content":{"rendered":"<p class=\"last-updated\"><strong>Mis \u00e0 jour le :<\/strong> 27\/04\/2026<\/p><h3 style=\"text-align: center;\"><strong>Adrien L\u00e9on THEILLAUD<\/strong><\/h3>\n<p style=\"text-align: center;\"><strong>1890 \u2013 1921<\/strong><\/p>\n<p style=\"text-align: center;\"><strong>\u00a0<\/strong><\/p>\n<h4 style=\"text-align: center;\"><span style=\"color: #008000;\"><strong>ma\u00e7on<\/strong><\/span><\/h4>\n<p style=\"text-align: center;\"><strong>\u00a0<\/strong><\/p>\n<p style=\"text-align: center;\">n\u00e9<\/p>\n<p style=\"text-align: center;\">\u00e0 Aug\u00e8res (Faux-Mazuras)<\/p>\n<p style=\"text-align: center;\">le 14 avril 1890<\/p>\n<p style=\"text-align: center;\">fils de<\/p>\n<p style=\"text-align: center;\">Jean THEILLAUD<\/p>\n<p style=\"text-align: center;\">Fran\u00e7oise SAURIAT<\/p>\n<p style=\"text-align: center;\">\u00a0cultivateurs<\/p>\n<p><em>\u00a0<\/em><\/p>\n<p>En 1911<em>, Adrien est domicili\u00e9 \u00e0 La Cour-de-Rozet, commune de Saint-Pardoux-Lavaud, avec ses parents.<\/em><\/p>\n<p><em>Il travaille \u00a0dans la <\/em><span style=\"color: #0000ff;\"><strong>Loire<\/strong><\/span><em>. Il y passe le conseil de r\u00e9vision\u00a0et s\u2019y pr\u00e9sente avec une fracture de la clavicule gauche.<\/em><\/p>\n<p>En 1913<em>, il habite <\/em><span style=\"color: #0000ff;\"><strong>Saint-\u00c9tienne (42)<\/strong><\/span><em>, 12, rue Kl\u00e9ber.<\/em><\/p>\n<p><em>Il \u00e9pouse Henriette <\/em><strong>PIARROUX<\/strong><em> le 18 septembre <\/em>1916 <em>\u00e0 Ch\u00e2telus-le-Marcheix (mari\u00e9s sans contrat).<\/em><\/p>\n<p>En 1920<em>, il est \u00e0 <\/em><span style=\"color: #0000ff;\"><strong>Firminy (42)<\/strong><\/span><em> rue des Prairies, puis \u00e0 <\/em><span style=\"color: #0000ff;\"><strong>Saint-Genest-Lerpt (42)<\/strong><\/span><em>.<\/em><\/p>\n<p><em>Il d\u00e9c\u00e8de en ce dernier lieu, le 5 mars<\/em> <strong>1921<\/strong>,<em> \u00e2g\u00e9 de 30 ans.<\/em><\/p>\n<p>&nbsp;<\/p>\n","protected":false},"excerpt":{"rendered":"<p>Mis \u00e0 jour le : 27\/04\/2026Adrien L\u00e9on THEILLAUD 1890 \u2013 1921 \u00a0 ma\u00e7on \u00a0 n\u00e9 \u00e0 Aug\u00e8res (Faux-Mazuras) le 14 avril 1890 fils de Jean THEILLAUD Fran\u00e7oise SAURIAT \u00a0cultivateurs \u00a0 En 1911, Adrien est domicili\u00e9 \u00e0 La Cour-de-Rozet, commune de Saint-Pardoux-Lavaud, avec ses parents. Il travaille \u00a0dans la Loire. Il y passe le conseil de ..<\/p>\n<div class=\"clear-fix\"><\/div>\n<p><a href=\"https:\/\/www.lesmaconsdelacreuse.fr\/annuaires\/lettre-t\/theillaud-adrien-leon-1890-apres-1920\/\" title=\"Lire la suite...\">Lire la suite<\/a><\/p>\n","protected":false},"author":7,"featured_media":0,"comment_status":"closed","ping_status":"closed","sticky":false,"template":"","format":"standard","meta":{"_acf_changed":false,"_exactmetrics_skip_tracking":false,"_exactmetrics_sitenote_active":false,"_exactmetrics_sitenote_note":"","_exactmetrics_sitenote_category":0,"footnotes":""},"categories":[13],"tags":[],"class_list":["post-176104","post","type-post","status-publish","format-standard","hentry","category-lettre-t"],"acf":[],"_links":{"self":[{"href":"https:\/\/www.lesmaconsdelacreuse.fr\/annuaires\/wp-json\/wp\/v2\/posts\/176104","targetHints":{"allow":["GET"]}}],"collection":[{"href":"https:\/\/www.lesmaconsdelacreuse.fr\/annuaires\/wp-json\/wp\/v2\/posts"}],"about":[{"href":"https:\/\/www.lesmaconsdelacreuse.fr\/annuaires\/wp-json\/wp\/v2\/types\/post"}],"author":[{"embeddable":true,"href":"https:\/\/www.lesmaconsdelacreuse.fr\/annuaires\/wp-json\/wp\/v2\/users\/7"}],"replies":[{"embeddable":true,"href":"https:\/\/www.lesmaconsdelacreuse.fr\/annuaires\/wp-json\/wp\/v2\/comments?post=176104"}],"version-history":[{"count":2,"href":"https:\/\/www.lesmaconsdelacreuse.fr\/annuaires\/wp-json\/wp\/v2\/posts\/176104\/revisions"}],"predecessor-version":[{"id":195384,"href":"https:\/\/www.lesmaconsdelacreuse.fr\/annuaires\/wp-json\/wp\/v2\/posts\/176104\/revisions\/195384"}],"wp:attachment":[{"href":"https:\/\/www.lesmaconsdelacreuse.fr\/annuaires\/wp-json\/wp\/v2\/media?parent=176104"}],"wp:term":[{"taxonomy":"category","embeddable":true,"href":"https:\/\/www.lesmaconsdelacreuse.fr\/annuaires\/wp-json\/wp\/v2\/categories?post=176104"},{"taxonomy":"post_tag","embeddable":true,"href":"https:\/\/www.lesmaconsdelacreuse.fr\/annuaires\/wp-json\/wp\/v2\/tags?post=176104"}],"curies":[{"name":"wp","href":"https:\/\/api.w.org\/{rel}","templated":true}]}}