{"id":176107,"date":"2020-08-16T09:04:07","date_gmt":"2020-08-16T07:04:07","guid":{"rendered":"https:\/\/www.lesmaconsdelacreuse.fr\/annuaires\/?p=176107"},"modified":"2020-08-16T09:04:07","modified_gmt":"2020-08-16T07:04:07","slug":"thibaud-jacques-1764-1828","status":"publish","type":"post","link":"https:\/\/www.lesmaconsdelacreuse.fr\/annuaires\/lettre-t\/thibaud-jacques-1764-1828\/","title":{"rendered":"THIBAUD Jacques (1764 \u2013 1828)"},"content":{"rendered":"<p class=\"last-updated\"><strong>Mis \u00e0 jour le :<\/strong> 27\/04\/2026<\/p><h3 style=\"text-align: center;\"><strong>Jacques THIBAUD<\/strong><\/h3>\n<p style=\"text-align: center;\"><strong>1764 \u2013 1828<\/strong><\/p>\n<p style=\"text-align: center;\"><strong><a href=\"https:\/\/www.lesmaconsdelacreuse.fr\/annuaires\/wp-content\/uploads\/2020\/07\/ne-sait-pas-signer.jpg\"><img loading=\"lazy\" decoding=\"async\" class=\"alignnone size-full wp-image-174596\" src=\"https:\/\/www.lesmaconsdelacreuse.fr\/annuaires\/wp-content\/uploads\/2020\/07\/ne-sait-pas-signer.jpg\" alt=\"\" width=\"156\" height=\"31\" srcset=\"https:\/\/www.lesmaconsdelacreuse.fr\/annuaires\/wp-content\/uploads\/2020\/07\/ne-sait-pas-signer.jpg 156w, https:\/\/www.lesmaconsdelacreuse.fr\/annuaires\/wp-content\/uploads\/2020\/07\/ne-sait-pas-signer-150x30.jpg 150w\" sizes=\"auto, (max-width: 156px) 100vw, 156px\" \/><\/a>\u00a0<\/strong><\/p>\n<p style=\"text-align: center;\"><strong>\u00a0<\/strong><\/p>\n<h4 style=\"text-align: center;\"><span style=\"color: #008000;\"><strong>ma\u00e7on <\/strong>et<strong> laboureur<\/strong><\/span><\/h4>\n<p style=\"text-align: center;\"><strong>\u00a0<\/strong><\/p>\n<p style=\"text-align: center;\">n\u00e9<\/p>\n<p style=\"text-align: center;\">\u00e0 Lavaud (Saint-Pardoux-Lavaud)<\/p>\n<p style=\"text-align: center;\">le 10 octobre 1764<\/p>\n<p style=\"text-align: center;\">fils de<\/p>\n<p style=\"text-align: center;\">L\u00e9onard THIBAUD, <span style=\"color: #008000;\"><strong>ma\u00e7on<\/strong><\/span><\/p>\n<p style=\"text-align: center;\">\u00a0Jeanne VASSIVI\u00c8RE<\/p>\n<p style=\"text-align: center;\">laboureurs<\/p>\n<p><em>\u00a0<\/em><\/p>\n<p><em>Jacques \u00e9pouse Th\u00e9r\u00e8se <\/em><strong>LECLERC<\/strong> <em>le 5 f\u00e9vrier <\/em>1781<em> \u00e0 Saint-Pardoux.<\/em><\/p>\n<p><em>Ils habitent Lavaud, m\u00eame paroisse.<\/em><\/p>\n<p><em>Ils y d\u00e9c\u00e8dent\u00a0:<\/em><\/p>\n<ul>\n<li><em>Th\u00e9r\u00e8se, le 25 niv\u00f4se an XII (16 janvier <\/em>1804<em>), \u00e2g\u00e9e de 42 ans<\/em><\/li>\n<li><em>Jacques, le 5 f\u00e9vrier <\/em>1828<em>, \u00e2g\u00e9 de 63 ans<\/em><\/li>\n<\/ul>\n<p>&nbsp;<\/p>\n","protected":false},"excerpt":{"rendered":"<p>Mis \u00e0 jour le : 27\/04\/2026Jacques THIBAUD 1764 \u2013 1828 \u00a0 \u00a0 ma\u00e7on et laboureur \u00a0 n\u00e9 \u00e0 Lavaud (Saint-Pardoux-Lavaud) le 10 octobre 1764 fils de L\u00e9onard THIBAUD, ma\u00e7on \u00a0Jeanne VASSIVI\u00c8RE laboureurs \u00a0 Jacques \u00e9pouse Th\u00e9r\u00e8se LECLERC le 5 f\u00e9vrier 1781 \u00e0 Saint-Pardoux. Ils habitent Lavaud, m\u00eame paroisse. Ils y d\u00e9c\u00e8dent\u00a0: Th\u00e9r\u00e8se, le 25 niv\u00f4se ..<\/p>\n<div class=\"clear-fix\"><\/div>\n<p><a href=\"https:\/\/www.lesmaconsdelacreuse.fr\/annuaires\/lettre-t\/thibaud-jacques-1764-1828\/\" title=\"Lire la suite...\">Lire la suite<\/a><\/p>\n","protected":false},"author":7,"featured_media":0,"comment_status":"closed","ping_status":"closed","sticky":false,"template":"","format":"standard","meta":{"_acf_changed":false,"_exactmetrics_skip_tracking":false,"_exactmetrics_sitenote_active":false,"_exactmetrics_sitenote_note":"","_exactmetrics_sitenote_category":0,"footnotes":""},"categories":[13],"tags":[],"class_list":["post-176107","post","type-post","status-publish","format-standard","hentry","category-lettre-t"],"acf":[],"_links":{"self":[{"href":"https:\/\/www.lesmaconsdelacreuse.fr\/annuaires\/wp-json\/wp\/v2\/posts\/176107","targetHints":{"allow":["GET"]}}],"collection":[{"href":"https:\/\/www.lesmaconsdelacreuse.fr\/annuaires\/wp-json\/wp\/v2\/posts"}],"about":[{"href":"https:\/\/www.lesmaconsdelacreuse.fr\/annuaires\/wp-json\/wp\/v2\/types\/post"}],"author":[{"embeddable":true,"href":"https:\/\/www.lesmaconsdelacreuse.fr\/annuaires\/wp-json\/wp\/v2\/users\/7"}],"replies":[{"embeddable":true,"href":"https:\/\/www.lesmaconsdelacreuse.fr\/annuaires\/wp-json\/wp\/v2\/comments?post=176107"}],"version-history":[{"count":0,"href":"https:\/\/www.lesmaconsdelacreuse.fr\/annuaires\/wp-json\/wp\/v2\/posts\/176107\/revisions"}],"wp:attachment":[{"href":"https:\/\/www.lesmaconsdelacreuse.fr\/annuaires\/wp-json\/wp\/v2\/media?parent=176107"}],"wp:term":[{"taxonomy":"category","embeddable":true,"href":"https:\/\/www.lesmaconsdelacreuse.fr\/annuaires\/wp-json\/wp\/v2\/categories?post=176107"},{"taxonomy":"post_tag","embeddable":true,"href":"https:\/\/www.lesmaconsdelacreuse.fr\/annuaires\/wp-json\/wp\/v2\/tags?post=176107"}],"curies":[{"name":"wp","href":"https:\/\/api.w.org\/{rel}","templated":true}]}}