{"id":176111,"date":"2020-08-16T09:19:09","date_gmt":"2020-08-16T07:19:09","guid":{"rendered":"https:\/\/www.lesmaconsdelacreuse.fr\/annuaires\/?p=176111"},"modified":"2023-01-04T07:46:00","modified_gmt":"2023-01-04T06:46:00","slug":"tixier-leonard-1673-apres-1702","status":"publish","type":"post","link":"https:\/\/www.lesmaconsdelacreuse.fr\/annuaires\/lettre-t\/tixier-leonard-1673-apres-1702\/","title":{"rendered":"TIXIER L\u00e9onard (1673 \u2013 apr\u00e8s 1702)"},"content":{"rendered":"<p class=\"last-updated\"><strong>Mis \u00e0 jour le :<\/strong> 27\/04\/2026<\/p><h3 style=\"text-align: center;\"><strong>L\u00e9onard TIXIER<\/strong><\/h3>\n<p style=\"text-align: center;\"><strong>1673 \u2013 apr\u00e8s 1702<\/strong><\/p>\n<p style=\"text-align: center;\"><strong>\u00a0<\/strong><\/p>\n<h4 style=\"text-align: center;\"><span style=\"color: #008000;\"><strong>\u25ba<\/strong><\/span><strong><a href=\"https:\/\/www.lesmaconsdelacreuse.fr\/annuaires\/wp-content\/uploads\/2020\/07\/TISSEUR-TISSEUSE-TISSERAND-TISSERANDE.png\" target=\"_blank\" rel=\"noopener noreferrer\"><span style=\"color: #008000;\">tisserand<\/span><\/a><\/strong><em>, <\/em><span style=\"color: #008000;\">et \u00a0probablement <strong>ma\u00e7on<\/strong><\/span><\/h4>\n<h4 style=\"text-align: center;\"><span style=\"color: #008000;\"><strong>\u25ba<\/strong><\/span><strong><a href=\"https:\/\/www.lesmaconsdelacreuse.fr\/annuaires\/wp-content\/uploads\/2020\/08\/BORDIER.png\" target=\"_blank\" rel=\"noopener noreferrer\"><span style=\"color: #008000;\">bordier<\/span><\/a><\/strong><\/h4>\n<p style=\"text-align: center;\"><em>\u00a0<\/em><\/p>\n<p style=\"text-align: center;\">n\u00e9\u00a0\u00e0 Vauveix (Roy\u00e8re)<\/p>\n<p style=\"text-align: center;\">le 30 octobre 1673<\/p>\n<p style=\"text-align: center;\">fils de<\/p>\n<p style=\"text-align: center;\">L\u00e9onard TIXIER<\/p>\n<p style=\"text-align: center;\">Gasparde LARCHER<\/p>\n<p style=\"text-align: center;\">\u00a0laboureurs<\/p>\n<p><em>\u00a0<\/em><\/p>\n<p><strong>\u25ba<\/strong><strong><a href=\"https:\/\/www.lesmaconsdelacreuse.fr\/annuaires\/wp-content\/uploads\/2020\/08\/1702-L\u00e9onard-TIXIER-se-marie-\u00e0-Lempdes-1.jpg\" target=\"_blank\" rel=\"noopener noreferrer\">Le 10 janvier 1702<\/a><\/strong><strong> , <\/strong><em>L\u00e9onard obtient<\/em> <em>un <\/em><em>\u25ba<\/em><a href=\"https:\/\/www.lesmaconsdelacreuse.fr\/annuaires\/wp-content\/uploads\/2020\/08\/CONG\u00c9-ou-REMISE.png\" target=\"_blank\" rel=\"noopener noreferrer\">cong\u00e9<\/a><em> du cur\u00e9 de Roy\u00e8re pour \u00e9pouser Jeanne <\/em><strong>GILBERT<\/strong><em> \u00e0 <\/em><span style=\"color: #0000ff;\"><strong>Lempdes (63)<\/strong><\/span><em>. <\/em><\/p>\n<p><em>Le mariage est c\u00e9l\u00e9br\u00e9 le 20 f\u00e9vrier de la m\u00eame ann\u00e9e.<\/em><\/p>\n<p>S17<\/p>\n<p>&nbsp;<\/p>\n","protected":false},"excerpt":{"rendered":"<p>Mis \u00e0 jour le : 27\/04\/2026L\u00e9onard TIXIER 1673 \u2013 apr\u00e8s 1702 \u00a0 \u25batisserand, et \u00a0probablement ma\u00e7on \u25babordier \u00a0 n\u00e9\u00a0\u00e0 Vauveix (Roy\u00e8re) le 30 octobre 1673 fils de L\u00e9onard TIXIER Gasparde LARCHER \u00a0laboureurs \u00a0 \u25baLe 10 janvier 1702 , L\u00e9onard obtient un \u25bacong\u00e9 du cur\u00e9 de Roy\u00e8re pour \u00e9pouser Jeanne GILBERT \u00e0 Lempdes (63). Le mariage ..<\/p>\n<div class=\"clear-fix\"><\/div>\n<p><a href=\"https:\/\/www.lesmaconsdelacreuse.fr\/annuaires\/lettre-t\/tixier-leonard-1673-apres-1702\/\" title=\"Lire la suite...\">Lire la suite<\/a><\/p>\n","protected":false},"author":7,"featured_media":0,"comment_status":"closed","ping_status":"closed","sticky":false,"template":"","format":"standard","meta":{"_acf_changed":false,"_exactmetrics_skip_tracking":false,"_exactmetrics_sitenote_active":false,"_exactmetrics_sitenote_note":"","_exactmetrics_sitenote_category":0,"footnotes":""},"categories":[13],"tags":[],"class_list":["post-176111","post","type-post","status-publish","format-standard","hentry","category-lettre-t"],"acf":[],"_links":{"self":[{"href":"https:\/\/www.lesmaconsdelacreuse.fr\/annuaires\/wp-json\/wp\/v2\/posts\/176111","targetHints":{"allow":["GET"]}}],"collection":[{"href":"https:\/\/www.lesmaconsdelacreuse.fr\/annuaires\/wp-json\/wp\/v2\/posts"}],"about":[{"href":"https:\/\/www.lesmaconsdelacreuse.fr\/annuaires\/wp-json\/wp\/v2\/types\/post"}],"author":[{"embeddable":true,"href":"https:\/\/www.lesmaconsdelacreuse.fr\/annuaires\/wp-json\/wp\/v2\/users\/7"}],"replies":[{"embeddable":true,"href":"https:\/\/www.lesmaconsdelacreuse.fr\/annuaires\/wp-json\/wp\/v2\/comments?post=176111"}],"version-history":[{"count":1,"href":"https:\/\/www.lesmaconsdelacreuse.fr\/annuaires\/wp-json\/wp\/v2\/posts\/176111\/revisions"}],"predecessor-version":[{"id":203615,"href":"https:\/\/www.lesmaconsdelacreuse.fr\/annuaires\/wp-json\/wp\/v2\/posts\/176111\/revisions\/203615"}],"wp:attachment":[{"href":"https:\/\/www.lesmaconsdelacreuse.fr\/annuaires\/wp-json\/wp\/v2\/media?parent=176111"}],"wp:term":[{"taxonomy":"category","embeddable":true,"href":"https:\/\/www.lesmaconsdelacreuse.fr\/annuaires\/wp-json\/wp\/v2\/categories?post=176111"},{"taxonomy":"post_tag","embeddable":true,"href":"https:\/\/www.lesmaconsdelacreuse.fr\/annuaires\/wp-json\/wp\/v2\/tags?post=176111"}],"curies":[{"name":"wp","href":"https:\/\/api.w.org\/{rel}","templated":true}]}}