{"id":176139,"date":"2020-08-16T15:03:48","date_gmt":"2020-08-16T13:03:48","guid":{"rendered":"https:\/\/www.lesmaconsdelacreuse.fr\/annuaires\/?p=176139"},"modified":"2020-08-16T15:03:48","modified_gmt":"2020-08-16T13:03:48","slug":"truffinet-leonard-1801-1875","status":"publish","type":"post","link":"https:\/\/www.lesmaconsdelacreuse.fr\/annuaires\/lettre-t\/truffinet-leonard-1801-1875\/","title":{"rendered":"TRUFFINET L\u00e9onard  (1801 \u2013 1875)"},"content":{"rendered":"<p class=\"last-updated\"><strong>Mis \u00e0 jour le :<\/strong> 27\/04\/2026<\/p><h3 style=\"text-align: center;\"><strong>L\u00e9onard TRUFFINET<\/strong><\/h3>\n<p style=\"text-align: center;\"><strong>1801 \u2013 1875<\/strong><\/p>\n<p style=\"text-align: center;\"><strong><a href=\"https:\/\/www.lesmaconsdelacreuse.fr\/annuaires\/wp-content\/uploads\/2020\/08\/truffinet-L.jpg\"><img loading=\"lazy\" decoding=\"async\" class=\"alignnone size-full wp-image-176140\" src=\"https:\/\/www.lesmaconsdelacreuse.fr\/annuaires\/wp-content\/uploads\/2020\/08\/truffinet-L.jpg\" alt=\"\" width=\"229\" height=\"120\" srcset=\"https:\/\/www.lesmaconsdelacreuse.fr\/annuaires\/wp-content\/uploads\/2020\/08\/truffinet-L.jpg 229w, https:\/\/www.lesmaconsdelacreuse.fr\/annuaires\/wp-content\/uploads\/2020\/08\/truffinet-L-150x79.jpg 150w\" sizes=\"auto, (max-width: 229px) 100vw, 229px\" \/><\/a>\u00a0<\/strong><\/p>\n<p style=\"text-align: center;\"><strong>\u00a0<\/strong><\/p>\n<h4 style=\"text-align: center;\"><span style=\"color: #008000;\"><strong>ma\u00e7on<br \/>\n<\/strong><strong>propri\u00e9taire cultivateur<\/strong><\/span><\/h4>\n<p style=\"text-align: center;\"><strong>\u00a0<\/strong><\/p>\n<p style=\"text-align: center;\">n\u00e9<\/p>\n<p style=\"text-align: center;\">\u00e0 La Vedrenne (Saint-Pardoux-Lavaud)<\/p>\n<p style=\"text-align: center;\">le 11 thermidor an IX<\/p>\n<p style=\"text-align: center;\">\u00a0(30 juillet 1801)<\/p>\n<p style=\"text-align: center;\">fils de<\/p>\n<p style=\"text-align: center;\">L\u00e9onard TRUFFINET, <span style=\"color: #008000;\"><strong>ma\u00e7on<\/strong><\/span><\/p>\n<p style=\"text-align: center;\">Catherine LEN\u00c8GRE<\/p>\n<p style=\"text-align: center;\">\u00a0laboureurs<\/p>\n<p><em>\u00a0<\/em><\/p>\n<p><em>L\u00e9onard \u00e9pouse Marie Berthe <\/em><strong>CONILLE<\/strong><em> le 5 f\u00e9vrier \u25ba<\/em><a href=\"https:\/\/www.lesmaconsdelacreuse.fr\/annuaires\/wp-content\/uploads\/2020\/08\/1828-L\u00e9onard-TRUFFINET-contrat-de-mariage-1.jpg\" target=\"_blank\" rel=\"noopener noreferrer\">1828<\/a> <em>au Monteil-au-Vicomte (contrat Lepetit)\u00a0; il ne sait pas encore signer.<\/em><\/p>\n<p><em>Ils habitent d\u2019abord Lachaud, m\u00eame commune. <\/em><\/p>\n<p>En 1867<em>, ils sont \u00e0 <\/em><span style=\"color: #0000ff;\"><strong>Saint-Didier-au Mont-d\u2019Or (69)<\/strong><\/span><em>. <\/em><\/p>\n<p><em>L\u00e9onard d\u00e9c\u00e8de \u00e0 Lachaud le 19 septembre <\/em>1875<em>, \u00e2g\u00e9 de 74 ans.<\/em><\/p>\n<p>&nbsp;<\/p>\n","protected":false},"excerpt":{"rendered":"<p>Mis \u00e0 jour le : 27\/04\/2026L\u00e9onard TRUFFINET 1801 \u2013 1875 \u00a0 \u00a0 ma\u00e7on propri\u00e9taire cultivateur \u00a0 n\u00e9 \u00e0 La Vedrenne (Saint-Pardoux-Lavaud) le 11 thermidor an IX \u00a0(30 juillet 1801) fils de L\u00e9onard TRUFFINET, ma\u00e7on Catherine LEN\u00c8GRE \u00a0laboureurs \u00a0 L\u00e9onard \u00e9pouse Marie Berthe CONILLE le 5 f\u00e9vrier \u25ba1828 au Monteil-au-Vicomte (contrat Lepetit)\u00a0; il ne sait pas ..<\/p>\n<div class=\"clear-fix\"><\/div>\n<p><a href=\"https:\/\/www.lesmaconsdelacreuse.fr\/annuaires\/lettre-t\/truffinet-leonard-1801-1875\/\" title=\"Lire la suite...\">Lire la suite<\/a><\/p>\n","protected":false},"author":7,"featured_media":0,"comment_status":"closed","ping_status":"closed","sticky":false,"template":"","format":"standard","meta":{"_acf_changed":false,"_exactmetrics_skip_tracking":false,"_exactmetrics_sitenote_active":false,"_exactmetrics_sitenote_note":"","_exactmetrics_sitenote_category":0,"footnotes":""},"categories":[13],"tags":[],"class_list":["post-176139","post","type-post","status-publish","format-standard","hentry","category-lettre-t"],"acf":[],"_links":{"self":[{"href":"https:\/\/www.lesmaconsdelacreuse.fr\/annuaires\/wp-json\/wp\/v2\/posts\/176139","targetHints":{"allow":["GET"]}}],"collection":[{"href":"https:\/\/www.lesmaconsdelacreuse.fr\/annuaires\/wp-json\/wp\/v2\/posts"}],"about":[{"href":"https:\/\/www.lesmaconsdelacreuse.fr\/annuaires\/wp-json\/wp\/v2\/types\/post"}],"author":[{"embeddable":true,"href":"https:\/\/www.lesmaconsdelacreuse.fr\/annuaires\/wp-json\/wp\/v2\/users\/7"}],"replies":[{"embeddable":true,"href":"https:\/\/www.lesmaconsdelacreuse.fr\/annuaires\/wp-json\/wp\/v2\/comments?post=176139"}],"version-history":[{"count":0,"href":"https:\/\/www.lesmaconsdelacreuse.fr\/annuaires\/wp-json\/wp\/v2\/posts\/176139\/revisions"}],"wp:attachment":[{"href":"https:\/\/www.lesmaconsdelacreuse.fr\/annuaires\/wp-json\/wp\/v2\/media?parent=176139"}],"wp:term":[{"taxonomy":"category","embeddable":true,"href":"https:\/\/www.lesmaconsdelacreuse.fr\/annuaires\/wp-json\/wp\/v2\/categories?post=176139"},{"taxonomy":"post_tag","embeddable":true,"href":"https:\/\/www.lesmaconsdelacreuse.fr\/annuaires\/wp-json\/wp\/v2\/tags?post=176139"}],"curies":[{"name":"wp","href":"https:\/\/api.w.org\/{rel}","templated":true}]}}