{"id":176144,"date":"2020-08-16T15:06:05","date_gmt":"2020-08-16T13:06:05","guid":{"rendered":"https:\/\/www.lesmaconsdelacreuse.fr\/annuaires\/?p=176144"},"modified":"2020-08-16T15:06:05","modified_gmt":"2020-08-16T13:06:05","slug":"truffinet-leonard-leon-truffinet-leon-1846-1866","status":"publish","type":"post","link":"https:\/\/www.lesmaconsdelacreuse.fr\/annuaires\/lettre-t\/truffinet-leonard-leon-truffinet-leon-1846-1866\/","title":{"rendered":"TRUFFINET L\u00e9onard L\u00e9on TRUFFINET L\u00e9on  (1846 \u2013 1866)"},"content":{"rendered":"<p class=\"last-updated\"><strong>Mis \u00e0 jour le :<\/strong> 27\/04\/2026<\/p><h3 style=\"text-align: center;\"><strong>L\u00e9onard L\u00e9on TRUFFINET<br \/>\n<\/strong><strong>L\u00e9on TRUFFINET<\/strong><\/h3>\n<p style=\"text-align: center;\"><strong>\u00a0<\/strong><strong>1846 \u2013 1866<\/strong><\/p>\n<p style=\"text-align: center;\"><strong>\u00a0<\/strong><\/p>\n<h4 style=\"text-align: center;\"><span style=\"color: #008000;\"><strong>ma\u00e7on<\/strong><\/span><\/h4>\n<p style=\"text-align: center;\"><strong>\u00a0<\/strong><\/p>\n<p style=\"text-align: center;\">n\u00e9<\/p>\n<p style=\"text-align: center;\">\u00e0 Lachaud (Le Monteil-au-Vicomte)<\/p>\n<p style=\"text-align: center;\">le 23 septembre 1846<\/p>\n<p style=\"text-align: center;\">fils de<\/p>\n<p style=\"text-align: center;\">L\u00e9onard TRUFFINET, <span style=\"color: #008000;\"><strong>ma\u00e7on<\/strong><\/span><\/p>\n<p style=\"text-align: center;\">Marie Berthe CONILLE<\/p>\n<p style=\"text-align: center;\">propri\u00e9taires cultivateurs<\/p>\n<p><em>\u00a0<\/em><em>\u00a0<\/em><\/p>\n<p>En 1866<em>, L\u00e9on travaille \u00e0 <\/em><span style=\"color: #0000ff;\"><strong>Paris (75)<\/strong><\/span><em> et loge 19, rue de l\u2019H\u00f4tel Colbert.<\/em><\/p>\n<p><em>Le 4 janvier de la m\u00eame ann\u00e9e, il d\u00e9c\u00e8de <\/em><strong>c\u00e9libataire<\/strong><em> \u00e0 Paris 5<sup>e<\/sup> \u00e2g\u00e9 de 19 ans.<\/em><\/p>\n<p>&nbsp;<\/p>\n","protected":false},"excerpt":{"rendered":"<p>Mis \u00e0 jour le : 27\/04\/2026L\u00e9onard L\u00e9on TRUFFINET L\u00e9on TRUFFINET \u00a01846 \u2013 1866 \u00a0 ma\u00e7on \u00a0 n\u00e9 \u00e0 Lachaud (Le Monteil-au-Vicomte) le 23 septembre 1846 fils de L\u00e9onard TRUFFINET, ma\u00e7on Marie Berthe CONILLE propri\u00e9taires cultivateurs \u00a0\u00a0 En 1866, L\u00e9on travaille \u00e0 Paris (75) et loge 19, rue de l\u2019H\u00f4tel Colbert. Le 4 janvier de la ..<\/p>\n<div class=\"clear-fix\"><\/div>\n<p><a href=\"https:\/\/www.lesmaconsdelacreuse.fr\/annuaires\/lettre-t\/truffinet-leonard-leon-truffinet-leon-1846-1866\/\" title=\"Lire la suite...\">Lire la suite<\/a><\/p>\n","protected":false},"author":7,"featured_media":0,"comment_status":"closed","ping_status":"closed","sticky":false,"template":"","format":"standard","meta":{"_acf_changed":false,"_exactmetrics_skip_tracking":false,"_exactmetrics_sitenote_active":false,"_exactmetrics_sitenote_note":"","_exactmetrics_sitenote_category":0,"footnotes":""},"categories":[13],"tags":[],"class_list":["post-176144","post","type-post","status-publish","format-standard","hentry","category-lettre-t"],"acf":[],"_links":{"self":[{"href":"https:\/\/www.lesmaconsdelacreuse.fr\/annuaires\/wp-json\/wp\/v2\/posts\/176144","targetHints":{"allow":["GET"]}}],"collection":[{"href":"https:\/\/www.lesmaconsdelacreuse.fr\/annuaires\/wp-json\/wp\/v2\/posts"}],"about":[{"href":"https:\/\/www.lesmaconsdelacreuse.fr\/annuaires\/wp-json\/wp\/v2\/types\/post"}],"author":[{"embeddable":true,"href":"https:\/\/www.lesmaconsdelacreuse.fr\/annuaires\/wp-json\/wp\/v2\/users\/7"}],"replies":[{"embeddable":true,"href":"https:\/\/www.lesmaconsdelacreuse.fr\/annuaires\/wp-json\/wp\/v2\/comments?post=176144"}],"version-history":[{"count":0,"href":"https:\/\/www.lesmaconsdelacreuse.fr\/annuaires\/wp-json\/wp\/v2\/posts\/176144\/revisions"}],"wp:attachment":[{"href":"https:\/\/www.lesmaconsdelacreuse.fr\/annuaires\/wp-json\/wp\/v2\/media?parent=176144"}],"wp:term":[{"taxonomy":"category","embeddable":true,"href":"https:\/\/www.lesmaconsdelacreuse.fr\/annuaires\/wp-json\/wp\/v2\/categories?post=176144"},{"taxonomy":"post_tag","embeddable":true,"href":"https:\/\/www.lesmaconsdelacreuse.fr\/annuaires\/wp-json\/wp\/v2\/tags?post=176144"}],"curies":[{"name":"wp","href":"https:\/\/api.w.org\/{rel}","templated":true}]}}