{"id":176146,"date":"2020-08-16T15:10:09","date_gmt":"2020-08-16T13:10:09","guid":{"rendered":"https:\/\/www.lesmaconsdelacreuse.fr\/annuaires\/?p=176146"},"modified":"2020-08-16T15:10:09","modified_gmt":"2020-08-16T13:10:09","slug":"truffy-francois-1840-1858","status":"publish","type":"post","link":"https:\/\/www.lesmaconsdelacreuse.fr\/annuaires\/lettre-t\/truffy-francois-1840-1858\/","title":{"rendered":"TRUFFY Fran\u00e7ois (1840 \u2013 1858)"},"content":{"rendered":"<p class=\"last-updated\"><strong>Mis \u00e0 jour le :<\/strong> 27\/04\/2026<\/p><h3 style=\"text-align: center;\"><strong>Fran\u00e7ois TRUFFY<\/strong><\/h3>\n<p style=\"text-align: center;\"><strong>1840 \u2013 1858<\/strong><\/p>\n<p style=\"text-align: center;\"><strong>\u00a0<\/strong><\/p>\n<h4 style=\"text-align: center;\"><span style=\"color: #008000;\"><strong>ma\u00e7on<\/strong><\/span><\/h4>\n<p style=\"text-align: center;\"><strong>\u00a0<\/strong><\/p>\n<p style=\"text-align: center;\">n\u00e9<\/p>\n<p style=\"text-align: center;\">\u00e0 Truffy (Saint-Junien-la-Breg\u00e8re)<\/p>\n<p style=\"text-align: center;\">le 14 f\u00e9vrier 1840<\/p>\n<p style=\"text-align: center;\">fils de<\/p>\n<p style=\"text-align: center;\">Jean TRUFFY<\/p>\n<p style=\"text-align: center;\">L\u00e9onarde TRUFFY<\/p>\n<p style=\"text-align: center;\">\u00a0cultivateurs<\/p>\n<p><em>\u00a0<\/em><\/p>\n<p>En 1858<em>, Fran\u00e7ois travaille \u00e0 <\/em><span style=\"color: #0000ff;\"><strong>Lyon (69)<\/strong><\/span><em> et loge chez M. Goden\u00e8ge, 7, rue Dumenge.<\/em><\/p>\n<p><em>Le 24 mars de la m\u00eame ann\u00e9e, il d\u00e9c\u00e8de <\/em><strong>c\u00e9libataire<\/strong><em> \u00e0 <\/em><em>\u25ba<\/em><a href=\"https:\/\/www.lesmaconsdelacreuse.fr\/annuaires\/wp-content\/uploads\/2020\/08\/LYON-H\u00f4pital-de-lH\u00f4tel-Dieu.jpg\" target=\"_blank\" rel=\"noopener noreferrer\">l\u2019H\u00f4tel-Dieu<\/a><em>, \u00e2g\u00e9 de 18 ans.<\/em><\/p>\n<p>&nbsp;<\/p>\n","protected":false},"excerpt":{"rendered":"<p>Mis \u00e0 jour le : 27\/04\/2026Fran\u00e7ois TRUFFY 1840 \u2013 1858 \u00a0 ma\u00e7on \u00a0 n\u00e9 \u00e0 Truffy (Saint-Junien-la-Breg\u00e8re) le 14 f\u00e9vrier 1840 fils de Jean TRUFFY L\u00e9onarde TRUFFY \u00a0cultivateurs \u00a0 En 1858, Fran\u00e7ois travaille \u00e0 Lyon (69) et loge chez M. Goden\u00e8ge, 7, rue Dumenge. Le 24 mars de la m\u00eame ann\u00e9e, il d\u00e9c\u00e8de c\u00e9libataire \u00e0 ..<\/p>\n<div class=\"clear-fix\"><\/div>\n<p><a href=\"https:\/\/www.lesmaconsdelacreuse.fr\/annuaires\/lettre-t\/truffy-francois-1840-1858\/\" title=\"Lire la suite...\">Lire la suite<\/a><\/p>\n","protected":false},"author":7,"featured_media":0,"comment_status":"closed","ping_status":"closed","sticky":false,"template":"","format":"standard","meta":{"_acf_changed":false,"_exactmetrics_skip_tracking":false,"_exactmetrics_sitenote_active":false,"_exactmetrics_sitenote_note":"","_exactmetrics_sitenote_category":0,"footnotes":""},"categories":[13],"tags":[],"class_list":["post-176146","post","type-post","status-publish","format-standard","hentry","category-lettre-t"],"acf":[],"_links":{"self":[{"href":"https:\/\/www.lesmaconsdelacreuse.fr\/annuaires\/wp-json\/wp\/v2\/posts\/176146","targetHints":{"allow":["GET"]}}],"collection":[{"href":"https:\/\/www.lesmaconsdelacreuse.fr\/annuaires\/wp-json\/wp\/v2\/posts"}],"about":[{"href":"https:\/\/www.lesmaconsdelacreuse.fr\/annuaires\/wp-json\/wp\/v2\/types\/post"}],"author":[{"embeddable":true,"href":"https:\/\/www.lesmaconsdelacreuse.fr\/annuaires\/wp-json\/wp\/v2\/users\/7"}],"replies":[{"embeddable":true,"href":"https:\/\/www.lesmaconsdelacreuse.fr\/annuaires\/wp-json\/wp\/v2\/comments?post=176146"}],"version-history":[{"count":0,"href":"https:\/\/www.lesmaconsdelacreuse.fr\/annuaires\/wp-json\/wp\/v2\/posts\/176146\/revisions"}],"wp:attachment":[{"href":"https:\/\/www.lesmaconsdelacreuse.fr\/annuaires\/wp-json\/wp\/v2\/media?parent=176146"}],"wp:term":[{"taxonomy":"category","embeddable":true,"href":"https:\/\/www.lesmaconsdelacreuse.fr\/annuaires\/wp-json\/wp\/v2\/categories?post=176146"},{"taxonomy":"post_tag","embeddable":true,"href":"https:\/\/www.lesmaconsdelacreuse.fr\/annuaires\/wp-json\/wp\/v2\/tags?post=176146"}],"curies":[{"name":"wp","href":"https:\/\/api.w.org\/{rel}","templated":true}]}}