{"id":176151,"date":"2020-08-16T15:17:35","date_gmt":"2020-08-16T13:17:35","guid":{"rendered":"https:\/\/www.lesmaconsdelacreuse.fr\/annuaires\/?p=176151"},"modified":"2020-08-16T15:17:35","modified_gmt":"2020-08-16T13:17:35","slug":"truffy-pierre-1819-1899","status":"publish","type":"post","link":"https:\/\/www.lesmaconsdelacreuse.fr\/annuaires\/lettre-t\/truffy-pierre-1819-1899\/","title":{"rendered":"TRUFFY Pierre (1819 \u2013 1899)"},"content":{"rendered":"<p class=\"last-updated\"><strong>Mis \u00e0 jour le :<\/strong> 27\/04\/2026<\/p><h3 style=\"text-align: center;\"><strong>Pierre TRUFFY<\/strong><\/h3>\n<p style=\"text-align: center;\"><strong>1819 \u2013 1899<\/strong><\/p>\n<p style=\"text-align: center;\"><strong><a href=\"https:\/\/www.lesmaconsdelacreuse.fr\/annuaires\/wp-content\/uploads\/2020\/07\/ne-sait-pas-signer.jpg\"><img loading=\"lazy\" decoding=\"async\" class=\"alignnone size-full wp-image-174596\" src=\"https:\/\/www.lesmaconsdelacreuse.fr\/annuaires\/wp-content\/uploads\/2020\/07\/ne-sait-pas-signer.jpg\" alt=\"\" width=\"156\" height=\"31\" srcset=\"https:\/\/www.lesmaconsdelacreuse.fr\/annuaires\/wp-content\/uploads\/2020\/07\/ne-sait-pas-signer.jpg 156w, https:\/\/www.lesmaconsdelacreuse.fr\/annuaires\/wp-content\/uploads\/2020\/07\/ne-sait-pas-signer-150x30.jpg 150w\" sizes=\"auto, (max-width: 156px) 100vw, 156px\" \/><\/a>\u00a0<\/strong><\/p>\n<p style=\"text-align: center;\"><strong>\u00a0<\/strong><\/p>\n<h4 style=\"text-align: center;\"><span style=\"color: #008000;\"><strong>ma\u00e7on <\/strong>et<strong> cultivateur<\/strong><\/span><\/h4>\n<p style=\"text-align: center;\"><strong>\u00a0<\/strong><\/p>\n<p style=\"text-align: center;\">n\u00e9<\/p>\n<p style=\"text-align: center;\">au bourg de Saint-Priest-Palus<\/p>\n<p style=\"text-align: center;\">le 1<sup>er<\/sup> novembre 1819<\/p>\n<p style=\"text-align: center;\">fils de<\/p>\n<p style=\"text-align: center;\">Jean TRUFFY<\/p>\n<p style=\"text-align: center;\">Anne DEMICHEL<\/p>\n<p style=\"text-align: center;\">\u00a0cultivateurs<\/p>\n<p><em>\u00a0<\/em><\/p>\n<p><em>Pierre \u00e9pouse L\u00e9onarde <\/em><strong>T\u00c9RADOUX<\/strong><em> le 13 octobre <\/em>1847<em> \u00e0 Saint-Amand-Jartoudeix. <\/em><\/p>\n<p><em>Ils habitent La Chaise, commune de Neuvic, Saint-Julien-le-Petit (87), puis La Grilli\u00e8re, commune de Saint-Junien-la-Breg\u00e8re.<\/em><\/p>\n<p><em>Ils d\u00e9c\u00e8dent \u00e0 La Grilli\u00e8re\u00a0:<\/em><\/p>\n<ul>\n<li><em>L\u00e9onarde, le 11 f\u00e9vrier <\/em>1892<em>, \u00e2g\u00e9 de 62 ans environ<\/em><\/li>\n<li><em>Pierre, le 27 d\u00e9cembre <\/em>1899<em>, \u00e2g\u00e9 de 80 ans<\/em><\/li>\n<\/ul>\n<p>&nbsp;<\/p>\n","protected":false},"excerpt":{"rendered":"<p>Mis \u00e0 jour le : 27\/04\/2026Pierre TRUFFY 1819 \u2013 1899 \u00a0 \u00a0 ma\u00e7on et cultivateur \u00a0 n\u00e9 au bourg de Saint-Priest-Palus le 1er novembre 1819 fils de Jean TRUFFY Anne DEMICHEL \u00a0cultivateurs \u00a0 Pierre \u00e9pouse L\u00e9onarde T\u00c9RADOUX le 13 octobre 1847 \u00e0 Saint-Amand-Jartoudeix. Ils habitent La Chaise, commune de Neuvic, Saint-Julien-le-Petit (87), puis La Grilli\u00e8re, ..<\/p>\n<div class=\"clear-fix\"><\/div>\n<p><a href=\"https:\/\/www.lesmaconsdelacreuse.fr\/annuaires\/lettre-t\/truffy-pierre-1819-1899\/\" title=\"Lire la suite...\">Lire la suite<\/a><\/p>\n","protected":false},"author":7,"featured_media":0,"comment_status":"closed","ping_status":"closed","sticky":false,"template":"","format":"standard","meta":{"_acf_changed":false,"_exactmetrics_skip_tracking":false,"_exactmetrics_sitenote_active":false,"_exactmetrics_sitenote_note":"","_exactmetrics_sitenote_category":0,"footnotes":""},"categories":[13],"tags":[],"class_list":["post-176151","post","type-post","status-publish","format-standard","hentry","category-lettre-t"],"acf":[],"_links":{"self":[{"href":"https:\/\/www.lesmaconsdelacreuse.fr\/annuaires\/wp-json\/wp\/v2\/posts\/176151","targetHints":{"allow":["GET"]}}],"collection":[{"href":"https:\/\/www.lesmaconsdelacreuse.fr\/annuaires\/wp-json\/wp\/v2\/posts"}],"about":[{"href":"https:\/\/www.lesmaconsdelacreuse.fr\/annuaires\/wp-json\/wp\/v2\/types\/post"}],"author":[{"embeddable":true,"href":"https:\/\/www.lesmaconsdelacreuse.fr\/annuaires\/wp-json\/wp\/v2\/users\/7"}],"replies":[{"embeddable":true,"href":"https:\/\/www.lesmaconsdelacreuse.fr\/annuaires\/wp-json\/wp\/v2\/comments?post=176151"}],"version-history":[{"count":0,"href":"https:\/\/www.lesmaconsdelacreuse.fr\/annuaires\/wp-json\/wp\/v2\/posts\/176151\/revisions"}],"wp:attachment":[{"href":"https:\/\/www.lesmaconsdelacreuse.fr\/annuaires\/wp-json\/wp\/v2\/media?parent=176151"}],"wp:term":[{"taxonomy":"category","embeddable":true,"href":"https:\/\/www.lesmaconsdelacreuse.fr\/annuaires\/wp-json\/wp\/v2\/categories?post=176151"},{"taxonomy":"post_tag","embeddable":true,"href":"https:\/\/www.lesmaconsdelacreuse.fr\/annuaires\/wp-json\/wp\/v2\/tags?post=176151"}],"curies":[{"name":"wp","href":"https:\/\/api.w.org\/{rel}","templated":true}]}}