{"id":186823,"date":"2021-01-29T15:33:23","date_gmt":"2021-01-29T14:33:23","guid":{"rendered":"https:\/\/www.lesmaconsdelacreuse.fr\/annuaires\/?p=186823"},"modified":"2022-05-02T16:49:24","modified_gmt":"2022-05-02T14:49:24","slug":"touny-emile-1876-1964","status":"publish","type":"post","link":"https:\/\/www.lesmaconsdelacreuse.fr\/annuaires\/lettre-t\/touny-emile-1876-1964\/","title":{"rendered":"TOUNY \u00c9mile (1876-1964)"},"content":{"rendered":"<p class=\"last-updated\"><strong>Mis \u00e0 jour le :<\/strong> 27\/04\/2026<\/p><h2 style=\"text-align: center;\"><strong>\u00c9mile TOUNY<\/strong><\/h2>\n<p style=\"text-align: center;\"><strong>1876-1964<\/strong><\/p>\n<h4 style=\"text-align: center;\"><span style=\"color: #008000;\"><strong>ma\u00e7on<\/strong><\/span><\/h4>\n<p style=\"text-align: center;\">n\u00e9 \u00e0 Vergnolas (Roy\u00e8re)<\/p>\n<p style=\"text-align: center;\">le 27 mars 1876<\/p>\n<p style=\"text-align: center;\">fils de<\/p>\n<p style=\"text-align: center;\">Fran\u00e7ois TOUNY, <span style=\"color: #008000;\"><strong>entrepreneur de travaux publics<\/strong><\/span><\/p>\n<p style=\"text-align: center;\">Catherine BROUSSAS, cultivatrice<\/p>\n<p>&nbsp;<\/p>\n<p><strong>En 1886<\/strong>, <strong>1891<\/strong><em> et <\/em><strong>1896<\/strong><em>, \u00c9mile est recens\u00e9 \u00e0 <\/em><strong><span style=\"color: #0000ff;\">Saint-Rambert-l\u2019Ile-Barbe (69)<\/span><\/strong><em>, avec ses parents.<\/em><\/p>\n<p>Il d\u00e9c\u00e8de le 12 octobre <strong>1964<\/strong> \u00e0 <strong><span style=\"color: #0000ff;\">Lyon 5e (69)<\/span><\/strong>, \u00e2g\u00e9 de 88 ans.<\/p>\n","protected":false},"excerpt":{"rendered":"<p>Mis \u00e0 jour le : 27\/04\/2026\u00c9mile TOUNY 1876-1964 ma\u00e7on n\u00e9 \u00e0 Vergnolas (Roy\u00e8re) le 27 mars 1876 fils de Fran\u00e7ois TOUNY, entrepreneur de travaux publics Catherine BROUSSAS, cultivatrice &nbsp; En 1886, 1891 et 1896, \u00c9mile est recens\u00e9 \u00e0 Saint-Rambert-l\u2019Ile-Barbe (69), avec ses parents. Il d\u00e9c\u00e8de le 12 octobre 1964 \u00e0 Lyon 5e (69), \u00e2g\u00e9 de ..<\/p>\n<div class=\"clear-fix\"><\/div>\n<p><a href=\"https:\/\/www.lesmaconsdelacreuse.fr\/annuaires\/lettre-t\/touny-emile-1876-1964\/\" title=\"Lire la suite...\">Lire la suite<\/a><\/p>\n","protected":false},"author":6,"featured_media":0,"comment_status":"closed","ping_status":"closed","sticky":false,"template":"","format":"standard","meta":{"_acf_changed":false,"_exactmetrics_skip_tracking":false,"_exactmetrics_sitenote_active":false,"_exactmetrics_sitenote_note":"","_exactmetrics_sitenote_category":0,"footnotes":""},"categories":[13],"tags":[],"class_list":["post-186823","post","type-post","status-publish","format-standard","hentry","category-lettre-t"],"acf":[],"_links":{"self":[{"href":"https:\/\/www.lesmaconsdelacreuse.fr\/annuaires\/wp-json\/wp\/v2\/posts\/186823","targetHints":{"allow":["GET"]}}],"collection":[{"href":"https:\/\/www.lesmaconsdelacreuse.fr\/annuaires\/wp-json\/wp\/v2\/posts"}],"about":[{"href":"https:\/\/www.lesmaconsdelacreuse.fr\/annuaires\/wp-json\/wp\/v2\/types\/post"}],"author":[{"embeddable":true,"href":"https:\/\/www.lesmaconsdelacreuse.fr\/annuaires\/wp-json\/wp\/v2\/users\/6"}],"replies":[{"embeddable":true,"href":"https:\/\/www.lesmaconsdelacreuse.fr\/annuaires\/wp-json\/wp\/v2\/comments?post=186823"}],"version-history":[{"count":2,"href":"https:\/\/www.lesmaconsdelacreuse.fr\/annuaires\/wp-json\/wp\/v2\/posts\/186823\/revisions"}],"predecessor-version":[{"id":198586,"href":"https:\/\/www.lesmaconsdelacreuse.fr\/annuaires\/wp-json\/wp\/v2\/posts\/186823\/revisions\/198586"}],"wp:attachment":[{"href":"https:\/\/www.lesmaconsdelacreuse.fr\/annuaires\/wp-json\/wp\/v2\/media?parent=186823"}],"wp:term":[{"taxonomy":"category","embeddable":true,"href":"https:\/\/www.lesmaconsdelacreuse.fr\/annuaires\/wp-json\/wp\/v2\/categories?post=186823"},{"taxonomy":"post_tag","embeddable":true,"href":"https:\/\/www.lesmaconsdelacreuse.fr\/annuaires\/wp-json\/wp\/v2\/tags?post=186823"}],"curies":[{"name":"wp","href":"https:\/\/api.w.org\/{rel}","templated":true}]}}