{"id":19297,"date":"2019-07-28T19:34:29","date_gmt":"2019-07-28T17:34:29","guid":{"rendered":"http:\/\/lesmaconsdelacreuse.fr\/annuaire\/?p=19297"},"modified":"2020-08-23T15:20:37","modified_gmt":"2020-08-23T13:20:37","slug":"d_331","status":"publish","type":"post","link":"https:\/\/www.lesmaconsdelacreuse.fr\/annuaires\/lettre-t\/d_331\/","title":{"rendered":"THEVE Pierre (1798\u20131871)"},"content":{"rendered":"<p class=\"last-updated\"><strong>Mis \u00e0 jour le :<\/strong> 27\/04\/2026<\/p><h2 style=\"text-align: center;\"><strong>Pierre TH\u00c8VE<\/strong><\/h2>\n<p style=\"text-align: center;\"><strong>1798 \u2013 1871<\/strong><\/p>\n<p style=\"text-align: center;\"><img decoding=\"async\" title=\"\" src=\"https:\/\/lesmaconsdelacreuse.fr\/annuaire\/wp-content\/uploads\/2019\/07\/image1-4529.jpg\" alt=\"\" data-source-id=\"i.0\" data-asset-id=\"18612\" \/><\/p>\n<h4 style=\"text-align: center;\"><span style=\"color: #008000;\"><strong>ma\u00e7on<\/strong><\/span><\/h4>\n<p style=\"text-align: center;\">n\u00e9 \u00e0 Arpeix (Roy\u00e8re)<\/p>\n<p style=\"text-align: center;\">le 25 thermidor an VI (12 ao\u00fbt 1798)<\/p>\n<p style=\"text-align: center;\">fils de<\/p>\n<p style=\"text-align: center;\">L\u00e9onard TH\u00c8VE \/ Anne LEGROS<\/p>\n<p style=\"text-align: center;\">cultivateurs<\/p>\n<p style=\"text-align: center;\"><span style=\"color: #ffffff;\">\u25d9<\/span><\/p>\n<p><em>Pierre \u00e9pouse L\u00e9onarde <\/em><strong>SALMET<\/strong><em> le 2 f\u00e9vrier <\/em><strong>1818<\/strong> <em>\u00e0 Morterolles. Le couple habite Le Bois-Larron, m\u00eame commune, puis Le Verger, commune de Bourganeuf.<\/em><\/p>\n<p><em>L\u00e9onarde d\u00e9c\u00e8de au Verger le 19 mars <\/em><strong>1838<\/strong><em>, \u00e2g\u00e9e de 37 ans.<\/em><\/p>\n<p><em>Pierre, habitant Le Planeix, m\u00eame commune, se remarie le 7 septembre <\/em><strong>1842<\/strong><em> \u00e0 Bourganeuf avec Marie <\/em><strong>PICAUD<\/strong><em>, veuve d\u2019 Annet SAINTRAND.<\/em><\/p>\n<p><em>Il d\u00e9c\u00e8de de nouveau veuf, le 9 f\u00e9vrier <\/em><strong>1871<\/strong> <em>\u00e0 Bourganeuf, \u00e2g\u00e9 de 72 ans.<\/em><\/p>\n","protected":false},"excerpt":{"rendered":"<p>Mis \u00e0 jour le : 27\/04\/2026Pierre TH\u00c8VE 1798 \u2013 1871 ma\u00e7on n\u00e9 \u00e0 Arpeix (Roy\u00e8re) le 25 thermidor an VI (12 ao\u00fbt 1798) fils de L\u00e9onard TH\u00c8VE \/ Anne LEGROS cultivateurs \u25d9 Pierre \u00e9pouse L\u00e9onarde SALMET le 2 f\u00e9vrier 1818 \u00e0 Morterolles. Le couple habite Le Bois-Larron, m\u00eame commune, puis Le Verger, commune de Bourganeuf. ..<\/p>\n<div class=\"clear-fix\"><\/div>\n<p><a href=\"https:\/\/www.lesmaconsdelacreuse.fr\/annuaires\/lettre-t\/d_331\/\" title=\"Lire la suite...\">Lire la suite<\/a><\/p>\n","protected":false},"author":6,"featured_media":0,"comment_status":"closed","ping_status":"closed","sticky":false,"template":"","format":"standard","meta":{"_acf_changed":false,"_exactmetrics_skip_tracking":false,"_exactmetrics_sitenote_active":false,"_exactmetrics_sitenote_note":"","_exactmetrics_sitenote_category":0,"footnotes":""},"categories":[17,13],"tags":[],"class_list":["post-19297","post","type-post","status-publish","format-standard","hentry","category-lettre-d","category-lettre-t"],"acf":[],"_links":{"self":[{"href":"https:\/\/www.lesmaconsdelacreuse.fr\/annuaires\/wp-json\/wp\/v2\/posts\/19297","targetHints":{"allow":["GET"]}}],"collection":[{"href":"https:\/\/www.lesmaconsdelacreuse.fr\/annuaires\/wp-json\/wp\/v2\/posts"}],"about":[{"href":"https:\/\/www.lesmaconsdelacreuse.fr\/annuaires\/wp-json\/wp\/v2\/types\/post"}],"author":[{"embeddable":true,"href":"https:\/\/www.lesmaconsdelacreuse.fr\/annuaires\/wp-json\/wp\/v2\/users\/6"}],"replies":[{"embeddable":true,"href":"https:\/\/www.lesmaconsdelacreuse.fr\/annuaires\/wp-json\/wp\/v2\/comments?post=19297"}],"version-history":[{"count":0,"href":"https:\/\/www.lesmaconsdelacreuse.fr\/annuaires\/wp-json\/wp\/v2\/posts\/19297\/revisions"}],"wp:attachment":[{"href":"https:\/\/www.lesmaconsdelacreuse.fr\/annuaires\/wp-json\/wp\/v2\/media?parent=19297"}],"wp:term":[{"taxonomy":"category","embeddable":true,"href":"https:\/\/www.lesmaconsdelacreuse.fr\/annuaires\/wp-json\/wp\/v2\/categories?post=19297"},{"taxonomy":"post_tag","embeddable":true,"href":"https:\/\/www.lesmaconsdelacreuse.fr\/annuaires\/wp-json\/wp\/v2\/tags?post=19297"}],"curies":[{"name":"wp","href":"https:\/\/api.w.org\/{rel}","templated":true}]}}