{"id":19371,"date":"2019-07-28T19:34:23","date_gmt":"2019-07-28T17:34:23","guid":{"rendered":"http:\/\/lesmaconsdelacreuse.fr\/annuaire\/?p=19371"},"modified":"2020-09-28T17:21:01","modified_gmt":"2020-09-28T15:21:01","slug":"d_325","status":"publish","type":"post","link":"https:\/\/www.lesmaconsdelacreuse.fr\/annuaires\/lettre-t\/d_325\/","title":{"rendered":"THEVE L\u00e9onard (1830\u20131887)"},"content":{"rendered":"<p class=\"last-updated\"><strong>Mis \u00e0 jour le :<\/strong> 27\/04\/2026<\/p><h2 style=\"text-align: center;\"><strong>L\u00e9onard TH\u00c8VE<\/strong><\/h2>\n<p style=\"text-align: center;\"><strong>1830 \u2013 1887<\/strong><\/p>\n<p style=\"text-align: center;\"><img loading=\"lazy\" decoding=\"async\" class=\"\" title=\"\" src=\"https:\/\/lesmaconsdelacreuse.fr\/annuaire\/wp-content\/uploads\/2019\/07\/image1-4574.jpg\" alt=\"\" width=\"203\" height=\"121\" data-source-id=\"i.0\" data-asset-id=\"19370\" \/><\/p>\n<h4 style=\"text-align: center;\"><span style=\"color: #008000;\"><strong>ma\u00e7on<\/strong><\/span><\/h4>\n<p>&nbsp;<\/p>\n<p style=\"text-align: center;\">n\u00e9 \u00e0 Chez-Brouillard (Saint-Pierre-le-Bost)<\/p>\n<p style=\"text-align: center;\">en septembre 1830, <em>selon \u25ba<a href=\"https:\/\/www.lesmaconsdelacreuse.fr\/annuaires\/wp-content\/uploads\/2019\/08\/ACTE-DE-NOTORI\u00c9T\u00c9.png\" target=\"_blank\" rel=\"noopener noreferrer\">acte de notori\u00e9t\u00e9<\/a><br \/>\n<\/em><\/p>\n<p style=\"text-align: center;\">fils de<\/p>\n<p style=\"text-align: center;\">Louis TH\u00c8VE, <span style=\"color: #008000;\"><strong>ma\u00e7on <\/strong><\/span>\/ Anne LAGRANGE<\/p>\n<p style=\"text-align: center;\">cultivateurs<\/p>\n<p style=\"text-align: center;\"><span style=\"color: #ffffff;\">\u25d9<\/span><\/p>\n<p><em>L\u00e9onard \u00e9pouse L\u00e9onarde <\/em><strong>VIEILLAUD<\/strong><em>, tisserande<\/em>, <em>le 13 f\u00e9vrier <\/em><strong>1860<\/strong><em> \u00e0 Roy\u00e8re (mari\u00e9s sans contrat). <\/em><\/p>\n<p><strong>En 1862<\/strong><em><strong>,<\/strong> le couple est \u00e0 <\/em><span style=\"color: #0000ff;\"><strong>Lyon (69)<\/strong><\/span><em>, 133, rue des Martyrs, 3e arrondissement.<\/em><\/p>\n<p><strong>En 1875<\/strong><em>, L\u00e9onard est incarc\u00e9r\u00e9 pendant un mois pour vol \u00e0 la \u25ba<a href=\"https:\/\/www.lesmaconsdelacreuse.fr\/annuaires\/wp-content\/uploads\/2020\/08\/PRISON-SAINT-PAUL.png\" target=\"_blank\" rel=\"noopener noreferrer\">prison Saint-Paul<\/a> ; il habite <\/em><span style=\"color: #0000ff;\"><strong>Sainte-Foy-l\u00e8s-Lyon (69)<\/strong><\/span><em>.<\/em><\/p>\n<p><strong>En 1876 et 1877<\/strong><em>, les \u00e9poux habitent <\/em><span style=\"color: #0000ff;\"><strong>Villeurbanne (69)<\/strong><\/span><em>, aux Charpennes, impasse Lasalle. <\/em><\/p>\n<p><em>L\u00e9onarde d\u00e9c\u00e8de \u00e0 \u25ba<a href=\"https:\/\/www.lesmaconsdelacreuse.fr\/annuaires\/\/wp-content\/uploads\/PHOTOS_-_CARTES_POSTALES\/LYON_-_Hopital_de_lHotel-Dieu.jpg\" target=\"_blank\" rel=\"noopener noreferrer\">l\u2019H\u00f4tel-Dieu<\/a> de Lyon le 28 mai <\/em><strong>1877<\/strong><em>, \u00e2g\u00e9e de 43 ans.<\/em><\/p>\n<p><strong>En 1887<\/strong><em>, L\u00e9onard habite Lyon, 9, rue Gentil.<\/em><\/p>\n<p><em>Il d\u00e9c\u00e8de, lui aussi \u00e0 l\u2019H\u00f4tel-Dieu, \u00e2g\u00e9 de 56 ans, le 21 mai de la m\u00eame ann\u00e9e. <\/em><\/p>\n<p>&nbsp;<\/p>\n","protected":false},"excerpt":{"rendered":"<p>Mis \u00e0 jour le : 27\/04\/2026L\u00e9onard TH\u00c8VE 1830 \u2013 1887 ma\u00e7on &nbsp; n\u00e9 \u00e0 Chez-Brouillard (Saint-Pierre-le-Bost) en septembre 1830, selon \u25baacte de notori\u00e9t\u00e9 fils de Louis TH\u00c8VE, ma\u00e7on \/ Anne LAGRANGE cultivateurs \u25d9 L\u00e9onard \u00e9pouse L\u00e9onarde VIEILLAUD, tisserande, le 13 f\u00e9vrier 1860 \u00e0 Roy\u00e8re (mari\u00e9s sans contrat). En 1862, le couple est \u00e0 Lyon (69), ..<\/p>\n<div class=\"clear-fix\"><\/div>\n<p><a href=\"https:\/\/www.lesmaconsdelacreuse.fr\/annuaires\/lettre-t\/d_325\/\" title=\"Lire la suite...\">Lire la suite<\/a><\/p>\n","protected":false},"author":6,"featured_media":0,"comment_status":"closed","ping_status":"closed","sticky":false,"template":"","format":"standard","meta":{"_acf_changed":false,"_exactmetrics_skip_tracking":false,"_exactmetrics_sitenote_active":false,"_exactmetrics_sitenote_note":"","_exactmetrics_sitenote_category":0,"footnotes":""},"categories":[17,13],"tags":[],"class_list":["post-19371","post","type-post","status-publish","format-standard","hentry","category-lettre-d","category-lettre-t"],"acf":[],"_links":{"self":[{"href":"https:\/\/www.lesmaconsdelacreuse.fr\/annuaires\/wp-json\/wp\/v2\/posts\/19371","targetHints":{"allow":["GET"]}}],"collection":[{"href":"https:\/\/www.lesmaconsdelacreuse.fr\/annuaires\/wp-json\/wp\/v2\/posts"}],"about":[{"href":"https:\/\/www.lesmaconsdelacreuse.fr\/annuaires\/wp-json\/wp\/v2\/types\/post"}],"author":[{"embeddable":true,"href":"https:\/\/www.lesmaconsdelacreuse.fr\/annuaires\/wp-json\/wp\/v2\/users\/6"}],"replies":[{"embeddable":true,"href":"https:\/\/www.lesmaconsdelacreuse.fr\/annuaires\/wp-json\/wp\/v2\/comments?post=19371"}],"version-history":[{"count":0,"href":"https:\/\/www.lesmaconsdelacreuse.fr\/annuaires\/wp-json\/wp\/v2\/posts\/19371\/revisions"}],"wp:attachment":[{"href":"https:\/\/www.lesmaconsdelacreuse.fr\/annuaires\/wp-json\/wp\/v2\/media?parent=19371"}],"wp:term":[{"taxonomy":"category","embeddable":true,"href":"https:\/\/www.lesmaconsdelacreuse.fr\/annuaires\/wp-json\/wp\/v2\/categories?post=19371"},{"taxonomy":"post_tag","embeddable":true,"href":"https:\/\/www.lesmaconsdelacreuse.fr\/annuaires\/wp-json\/wp\/v2\/tags?post=19371"}],"curies":[{"name":"wp","href":"https:\/\/api.w.org\/{rel}","templated":true}]}}