{"id":19375,"date":"2019-07-28T19:34:23","date_gmt":"2019-07-28T17:34:23","guid":{"rendered":"http:\/\/lesmaconsdelacreuse.fr\/annuaire\/?p=19375"},"modified":"2020-08-23T15:20:54","modified_gmt":"2020-08-23T13:20:54","slug":"d_314","status":"publish","type":"post","link":"https:\/\/www.lesmaconsdelacreuse.fr\/annuaires\/lettre-t\/d_314\/","title":{"rendered":"THEVES Henri (1893-1915)"},"content":{"rendered":"<p class=\"last-updated\"><strong>Mis \u00e0 jour le :<\/strong> 27\/04\/2026<\/p><h2 style=\"text-align: center;\"><strong>Henri TH\u00c8VES<\/strong><\/h2>\n<p style=\"text-align: center;\"><strong>1893 &#8211; 1915<\/strong><\/p>\n<h4 style=\"text-align: center;\"><span style=\"color: #008000;\"><strong>ma\u00e7on<\/strong><\/span><\/h4>\n<p style=\"text-align: center;\">n\u00e9 \u00e0 Montayaud (Saint-Junien-la-Breg\u00e8re)<\/p>\n<p style=\"text-align: center;\">le 30 septembre 1893<\/p>\n<p style=\"text-align: center;\">fils de<\/p>\n<p style=\"text-align: center;\">Blaise TH\u00c8VES,<span style=\"color: #008000;\"> <strong>ma\u00e7on<\/strong><\/span><\/p>\n<p style=\"text-align: center;\">Fran\u00e7oise JULIEN, cultivatrice<\/p>\n<p style=\"text-align: center;\"><span style=\"color: #ffffff;\">\u25d9<\/span><\/p>\n<p><strong>En 1914<\/strong><em>, Henri travaille dans la <\/em><span style=\"color: #0000ff;\"><strong>Seine (75)<\/strong><\/span><em> et y passe le conseil de r\u00e9vision.<\/em><\/p>\n<p><em>Caporal au 138e R\u00e9giment d\u2019Infanterie, il est tu\u00e9 \u00e0 l\u2019ennemi le 23 septembre <\/em><strong>1915<\/strong><em> au combat de Roclincourt, \u00e2g\u00e9 de 21 ans.<\/em><\/p>\n<p><em> Il est enterr\u00e9 \u00e0 la n\u00e9cropole nationale \u00ab Notre-Dame de Lorette \u00bb d\u2019Ablain-Saint-Nazaire (62).<\/em><\/p>\n","protected":false},"excerpt":{"rendered":"<p>Mis \u00e0 jour le : 27\/04\/2026Henri TH\u00c8VES 1893 &#8211; 1915 ma\u00e7on n\u00e9 \u00e0 Montayaud (Saint-Junien-la-Breg\u00e8re) le 30 septembre 1893 fils de Blaise TH\u00c8VES, ma\u00e7on Fran\u00e7oise JULIEN, cultivatrice \u25d9 En 1914, Henri travaille dans la Seine (75) et y passe le conseil de r\u00e9vision. Caporal au 138e R\u00e9giment d\u2019Infanterie, il est tu\u00e9 \u00e0 l\u2019ennemi le 23 ..<\/p>\n<div class=\"clear-fix\"><\/div>\n<p><a href=\"https:\/\/www.lesmaconsdelacreuse.fr\/annuaires\/lettre-t\/d_314\/\" title=\"Lire la suite...\">Lire la suite<\/a><\/p>\n","protected":false},"author":6,"featured_media":0,"comment_status":"closed","ping_status":"closed","sticky":false,"template":"","format":"standard","meta":{"_acf_changed":false,"_exactmetrics_skip_tracking":false,"_exactmetrics_sitenote_active":false,"_exactmetrics_sitenote_note":"","_exactmetrics_sitenote_category":0,"footnotes":""},"categories":[17,13],"tags":[],"class_list":["post-19375","post","type-post","status-publish","format-standard","hentry","category-lettre-d","category-lettre-t"],"acf":[],"_links":{"self":[{"href":"https:\/\/www.lesmaconsdelacreuse.fr\/annuaires\/wp-json\/wp\/v2\/posts\/19375","targetHints":{"allow":["GET"]}}],"collection":[{"href":"https:\/\/www.lesmaconsdelacreuse.fr\/annuaires\/wp-json\/wp\/v2\/posts"}],"about":[{"href":"https:\/\/www.lesmaconsdelacreuse.fr\/annuaires\/wp-json\/wp\/v2\/types\/post"}],"author":[{"embeddable":true,"href":"https:\/\/www.lesmaconsdelacreuse.fr\/annuaires\/wp-json\/wp\/v2\/users\/6"}],"replies":[{"embeddable":true,"href":"https:\/\/www.lesmaconsdelacreuse.fr\/annuaires\/wp-json\/wp\/v2\/comments?post=19375"}],"version-history":[{"count":0,"href":"https:\/\/www.lesmaconsdelacreuse.fr\/annuaires\/wp-json\/wp\/v2\/posts\/19375\/revisions"}],"wp:attachment":[{"href":"https:\/\/www.lesmaconsdelacreuse.fr\/annuaires\/wp-json\/wp\/v2\/media?parent=19375"}],"wp:term":[{"taxonomy":"category","embeddable":true,"href":"https:\/\/www.lesmaconsdelacreuse.fr\/annuaires\/wp-json\/wp\/v2\/categories?post=19375"},{"taxonomy":"post_tag","embeddable":true,"href":"https:\/\/www.lesmaconsdelacreuse.fr\/annuaires\/wp-json\/wp\/v2\/tags?post=19375"}],"curies":[{"name":"wp","href":"https:\/\/api.w.org\/{rel}","templated":true}]}}