{"id":19382,"date":"2019-07-28T19:34:22","date_gmt":"2019-07-28T17:34:22","guid":{"rendered":"http:\/\/lesmaconsdelacreuse.fr\/annuaire\/?p=19382"},"modified":"2020-08-23T15:21:11","modified_gmt":"2020-08-23T13:21:11","slug":"d_332","status":"publish","type":"post","link":"https:\/\/www.lesmaconsdelacreuse.fr\/annuaires\/lettre-t\/d_332\/","title":{"rendered":"THEVE Pierre (1835\u20131887)"},"content":{"rendered":"<p class=\"last-updated\"><strong>Mis \u00e0 jour le :<\/strong> 27\/04\/2026<\/p><h2 style=\"text-align: center;\"><strong>Pierre TH\u00c8VE<\/strong><\/h2>\n<p style=\"text-align: center;\"><strong>1835 \u2013 1887<\/strong><\/p>\n<p style=\"text-align: center;\"><img decoding=\"async\" title=\"\" src=\"https:\/\/lesmaconsdelacreuse.fr\/annuaire\/wp-content\/uploads\/2019\/07\/image1-4577.jpg\" alt=\"\" data-source-id=\"i.0\" data-asset-id=\"19381\" \/><\/p>\n<h4 style=\"text-align: center;\"><span style=\"color: #008000;\"><strong>ma\u00e7on<\/strong><\/span><\/h4>\n<p style=\"text-align: center;\">n\u00e9 \u00e0 La Vedrenne (Saint-Pardoux-Lavaud)<\/p>\n<p style=\"text-align: center;\">le 17 septembre 1835<\/p>\n<p style=\"text-align: center;\">fils de<\/p>\n<p style=\"text-align: center;\">Louis TH\u00c8VE, <span style=\"color: #008000;\"><strong>ma\u00e7on<\/strong><\/span><\/p>\n<p style=\"text-align: center;\">Anne LAGRANGE, cultivatrice<\/p>\n<p style=\"text-align: center;\"><span style=\"color: #ffffff;\">\u25d9<\/span><\/p>\n<p><em>Pierre \u00e9pouse Victorine <\/em><strong>MARTINOT <\/strong><em>le 30 janvier <\/em><strong>1862<\/strong><em> \u00e0 Saint-Pardoux\u00a0(mari\u00e9s sans contrat). Ils habitent d\u2019abord Buze, commune de Saint-Pardoux. <\/em><\/p>\n<p><strong>En 1869<\/strong><em>, ils sont \u00e0 <\/em><span style=\"color: #0000ff;\"><strong>Oullins (69)<\/strong><\/span><em>\u00a0;<\/em><\/p>\n<p><strong>en 1870<\/strong><em>, \u00e0 <\/em><span style=\"color: #0000ff;\"><strong>Pierre-B\u00e9nite (69)<\/strong><\/span><em>, 27, grande Rue\u00a0;<\/em><\/p>\n<p><strong>en 1872<\/strong><em>, \u00e0 <\/em><span style=\"color: #0000ff;\"><strong>La Mulati\u00e8re (69)<\/strong><\/span><em>. <\/em><\/p>\n<p><strong>En 1875<\/strong><em>, ils sont \u00e0 <\/em><span style=\"color: #0000ff;\"><strong>Villeurbanne (69)<\/strong><\/span><em>, et habitent quartier des Charpennes, maison Galand\u00a0; <\/em><\/p>\n<p><strong>en 1876<\/strong><em>, 2, chemin Abimes \u00e0 Villeurbanne;<\/em><\/p>\n<p><strong>en 1880 et 1882<\/strong><em>, toujours \u00e0 Villeurbanne, chemin de l\u2019Ab\u00eeme\u00a0;<\/em><\/p>\n<p><strong>en 1886<\/strong><em>, 6, rue du Niger.<\/em><\/p>\n<p><em> Ils d\u00e9c\u00e8dent en leur domicile, 37, rue du Niger\u00a0:<\/em><\/p>\n<ul>\n<li><em>Pierre, le 27 d\u00e9cembre <\/em><strong>1887<\/strong>,<em> \u00e2g\u00e9 de 52 ans<\/em><\/li>\n<li><em>Victorine, le 29 juillet <\/em><strong>1904<\/strong><em>, \u00e2g\u00e9e de 68 ans<\/em><\/li>\n<\/ul>\n","protected":false},"excerpt":{"rendered":"<p>Mis \u00e0 jour le : 27\/04\/2026Pierre TH\u00c8VE 1835 \u2013 1887 ma\u00e7on n\u00e9 \u00e0 La Vedrenne (Saint-Pardoux-Lavaud) le 17 septembre 1835 fils de Louis TH\u00c8VE, ma\u00e7on Anne LAGRANGE, cultivatrice \u25d9 Pierre \u00e9pouse Victorine MARTINOT le 30 janvier 1862 \u00e0 Saint-Pardoux\u00a0(mari\u00e9s sans contrat). Ils habitent d\u2019abord Buze, commune de Saint-Pardoux. En 1869, ils sont \u00e0 Oullins (69)\u00a0; ..<\/p>\n<div class=\"clear-fix\"><\/div>\n<p><a href=\"https:\/\/www.lesmaconsdelacreuse.fr\/annuaires\/lettre-t\/d_332\/\" title=\"Lire la suite...\">Lire la suite<\/a><\/p>\n","protected":false},"author":6,"featured_media":0,"comment_status":"closed","ping_status":"closed","sticky":false,"template":"","format":"standard","meta":{"_acf_changed":false,"_exactmetrics_skip_tracking":false,"_exactmetrics_sitenote_active":false,"_exactmetrics_sitenote_note":"","_exactmetrics_sitenote_category":0,"footnotes":""},"categories":[17,13],"tags":[],"class_list":["post-19382","post","type-post","status-publish","format-standard","hentry","category-lettre-d","category-lettre-t"],"acf":[],"_links":{"self":[{"href":"https:\/\/www.lesmaconsdelacreuse.fr\/annuaires\/wp-json\/wp\/v2\/posts\/19382","targetHints":{"allow":["GET"]}}],"collection":[{"href":"https:\/\/www.lesmaconsdelacreuse.fr\/annuaires\/wp-json\/wp\/v2\/posts"}],"about":[{"href":"https:\/\/www.lesmaconsdelacreuse.fr\/annuaires\/wp-json\/wp\/v2\/types\/post"}],"author":[{"embeddable":true,"href":"https:\/\/www.lesmaconsdelacreuse.fr\/annuaires\/wp-json\/wp\/v2\/users\/6"}],"replies":[{"embeddable":true,"href":"https:\/\/www.lesmaconsdelacreuse.fr\/annuaires\/wp-json\/wp\/v2\/comments?post=19382"}],"version-history":[{"count":0,"href":"https:\/\/www.lesmaconsdelacreuse.fr\/annuaires\/wp-json\/wp\/v2\/posts\/19382\/revisions"}],"wp:attachment":[{"href":"https:\/\/www.lesmaconsdelacreuse.fr\/annuaires\/wp-json\/wp\/v2\/media?parent=19382"}],"wp:term":[{"taxonomy":"category","embeddable":true,"href":"https:\/\/www.lesmaconsdelacreuse.fr\/annuaires\/wp-json\/wp\/v2\/categories?post=19382"},{"taxonomy":"post_tag","embeddable":true,"href":"https:\/\/www.lesmaconsdelacreuse.fr\/annuaires\/wp-json\/wp\/v2\/tags?post=19382"}],"curies":[{"name":"wp","href":"https:\/\/api.w.org\/{rel}","templated":true}]}}