{"id":193974,"date":"2022-01-13T18:40:25","date_gmt":"2022-01-13T17:40:25","guid":{"rendered":"https:\/\/www.lesmaconsdelacreuse.fr\/annuaires\/?p=193974"},"modified":"2022-02-16T16:37:21","modified_gmt":"2022-02-16T15:37:21","slug":"colin-joseph-1865-1923","status":"publish","type":"post","link":"https:\/\/www.lesmaconsdelacreuse.fr\/annuaires\/lettre-c\/colin-joseph-1865-1923\/","title":{"rendered":"COLIN Joseph (1865-1923)"},"content":{"rendered":"<p class=\"last-updated\"><strong>Mis \u00e0 jour le :<\/strong> 30\/04\/2026<\/p><h2 style=\"text-align: center;\">Joseph COLIN<\/h2>\n<p style=\"text-align: center;\"><strong>1865 &#8211; 1923<\/strong><\/p>\n<p><a href=\"https:\/\/www.lesmaconsdelacreuse.fr\/annuaires\/wp-content\/uploads\/2022\/01\/COLIN-Joseph-1865-1923.jpg\" target=\"_blank\" rel=\"noopener\"><img loading=\"lazy\" decoding=\"async\" class=\"aligncenter wp-image-195020 size-full\" src=\"https:\/\/www.lesmaconsdelacreuse.fr\/annuaires\/wp-content\/uploads\/2022\/01\/COLIN-Joseph-1865-1923.jpg\" alt=\"\" width=\"231\" height=\"63\" srcset=\"https:\/\/www.lesmaconsdelacreuse.fr\/annuaires\/wp-content\/uploads\/2022\/01\/COLIN-Joseph-1865-1923.jpg 231w, https:\/\/www.lesmaconsdelacreuse.fr\/annuaires\/wp-content\/uploads\/2022\/01\/COLIN-Joseph-1865-1923-16x4.jpg 16w, https:\/\/www.lesmaconsdelacreuse.fr\/annuaires\/wp-content\/uploads\/2022\/01\/COLIN-Joseph-1865-1923-150x41.jpg 150w\" sizes=\"auto, (max-width: 231px) 100vw, 231px\" \/><\/a><\/p>\n<h4 style=\"text-align: center;\"><strong><span style=\"color: #008000;\">ma\u00e7on<\/span> et <span style=\"color: #008000;\">cultivateur<\/span><\/strong><\/h4>\n<p style=\"text-align: center;\">n\u00e9 \u00e0 Jalinoux (saint-Dizier-Leyrenne)<\/p>\n<p style=\"text-align: center;\">le 10 avril 1865<\/p>\n<p style=\"text-align: center;\">fils de Joseph et de Marie PLANCOULAINE<\/p>\n<p style=\"text-align: center;\">cultivateurs<\/p>\n<p>&nbsp;<\/p>\n<p><em>Joseph \u00e9pouse Rose <\/em><strong>CHEZEAUD<\/strong> <strong>avant 1890<\/strong><em>.<\/em><\/p>\n<p><em>Ils habitent d&rsquo;abord Jalinoux. Ils sont ensuite au bourg de Morterolles.<\/em><\/p>\n<p><em>Joseph d\u00e9c\u00e8de \u00e0 Bourganeuf le 2 novembre <\/em><strong>1923<\/strong><em>, \u00e2g\u00e9 de 58 ans.<\/em><\/p>\n","protected":false},"excerpt":{"rendered":"<p>Mis \u00e0 jour le : 30\/04\/2026Joseph COLIN 1865 &#8211; 1923 ma\u00e7on et cultivateur n\u00e9 \u00e0 Jalinoux (saint-Dizier-Leyrenne) le 10 avril 1865 fils de Joseph et de Marie PLANCOULAINE cultivateurs &nbsp; Joseph \u00e9pouse Rose CHEZEAUD avant 1890. Ils habitent d&rsquo;abord Jalinoux. Ils sont ensuite au bourg de Morterolles. Joseph d\u00e9c\u00e8de \u00e0 Bourganeuf le 2 novembre 1923, ..<\/p>\n<div class=\"clear-fix\"><\/div>\n<p><a href=\"https:\/\/www.lesmaconsdelacreuse.fr\/annuaires\/lettre-c\/colin-joseph-1865-1923\/\" title=\"Lire la suite...\">Lire la suite<\/a><\/p>\n","protected":false},"author":6,"featured_media":0,"comment_status":"closed","ping_status":"closed","sticky":false,"template":"","format":"standard","meta":{"_acf_changed":false,"_exactmetrics_skip_tracking":false,"_exactmetrics_sitenote_active":false,"_exactmetrics_sitenote_note":"","_exactmetrics_sitenote_category":0,"footnotes":""},"categories":[4],"tags":[],"class_list":["post-193974","post","type-post","status-publish","format-standard","hentry","category-lettre-c"],"acf":[],"_links":{"self":[{"href":"https:\/\/www.lesmaconsdelacreuse.fr\/annuaires\/wp-json\/wp\/v2\/posts\/193974","targetHints":{"allow":["GET"]}}],"collection":[{"href":"https:\/\/www.lesmaconsdelacreuse.fr\/annuaires\/wp-json\/wp\/v2\/posts"}],"about":[{"href":"https:\/\/www.lesmaconsdelacreuse.fr\/annuaires\/wp-json\/wp\/v2\/types\/post"}],"author":[{"embeddable":true,"href":"https:\/\/www.lesmaconsdelacreuse.fr\/annuaires\/wp-json\/wp\/v2\/users\/6"}],"replies":[{"embeddable":true,"href":"https:\/\/www.lesmaconsdelacreuse.fr\/annuaires\/wp-json\/wp\/v2\/comments?post=193974"}],"version-history":[{"count":2,"href":"https:\/\/www.lesmaconsdelacreuse.fr\/annuaires\/wp-json\/wp\/v2\/posts\/193974\/revisions"}],"predecessor-version":[{"id":195021,"href":"https:\/\/www.lesmaconsdelacreuse.fr\/annuaires\/wp-json\/wp\/v2\/posts\/193974\/revisions\/195021"}],"wp:attachment":[{"href":"https:\/\/www.lesmaconsdelacreuse.fr\/annuaires\/wp-json\/wp\/v2\/media?parent=193974"}],"wp:term":[{"taxonomy":"category","embeddable":true,"href":"https:\/\/www.lesmaconsdelacreuse.fr\/annuaires\/wp-json\/wp\/v2\/categories?post=193974"},{"taxonomy":"post_tag","embeddable":true,"href":"https:\/\/www.lesmaconsdelacreuse.fr\/annuaires\/wp-json\/wp\/v2\/tags?post=193974"}],"curies":[{"name":"wp","href":"https:\/\/api.w.org\/{rel}","templated":true}]}}