{"id":19399,"date":"2019-07-28T19:34:20","date_gmt":"2019-07-28T17:34:20","guid":{"rendered":"http:\/\/lesmaconsdelacreuse.fr\/annuaire\/?p=19399"},"modified":"2020-09-29T10:58:30","modified_gmt":"2020-09-29T08:58:30","slug":"d_309","status":"publish","type":"post","link":"https:\/\/www.lesmaconsdelacreuse.fr\/annuaires\/lettre-t\/d_309\/","title":{"rendered":"THEVE Fran\u00e7ois (1871-1908)"},"content":{"rendered":"<p class=\"last-updated\"><strong>Mis \u00e0 jour le :<\/strong> 27\/04\/2026<\/p><h2 style=\"text-align: center;\"><strong>Fran\u00e7ois TH\u00c8VE<\/strong><\/h2>\n<p style=\"text-align: center;\"><strong>1871 &#8211; 1908<\/strong><\/p>\n<h4 style=\"text-align: center;\"><span style=\"color: #008000;\"><strong>ma\u00e7on<\/strong><\/span><\/h4>\n<p>&nbsp;<\/p>\n<p style=\"text-align: center;\">n\u00e9 \u00e0 Buze (Saint-Pardoux-Lavaud)<\/p>\n<p style=\"text-align: center;\">le 8 ao\u00fbt 1871<\/p>\n<p style=\"text-align: center;\">fils de<\/p>\n<p style=\"text-align: center;\">L\u00e9onard TH\u00c8VE,<span style=\"color: #008000;\"><strong> ma\u00e7on<\/strong><\/span><\/p>\n<p style=\"text-align: center;\">L\u00e9onarde VIEILLAUD, tisserande<\/p>\n<p style=\"text-align: center;\"><span style=\"color: #ffffff;\">\u25d9<\/span><\/p>\n<p><span style=\"color: #000000;\"><strong>Entre 1884 et 1892<\/strong><\/span><em>, Fran\u00e7ois est incarc\u00e9r\u00e9 \u00e0 Lyon 8 fois\u00a0<\/em><em> \u00e0 la \u25ba<a href=\"https:\/\/www.lesmaconsdelacreuse.fr\/annuaires\/wp-content\/uploads\/2020\/08\/PRISON-SAINT-PAUL.png\" target=\"_blank\" rel=\"noopener noreferrer\">prison Saint-Paul<\/a> puis \u00e0 la <a href=\"https:\/\/www.lesmaconsdelacreuse.fr\/annuaires\/\/wp-content\/uploads\/LEXIQUE\/PRISON_SAINT-JOSEPH.pdf\" target=\"_blank\" rel=\"noopener noreferrer\">\u25ba<\/a><a href=\"https:\/\/www.lesmaconsdelacreuse.fr\/annuaires\/wp-content\/uploads\/2020\/07\/PRISON-SAINT-JOSEPH.png\" target=\"_blank\" rel=\"noopener noreferrer\">prison Saint-Joseph<\/a>, pour \u25ba<a href=\"https:\/\/www.lesmaconsdelacreuse.fr\/annuaires\/wp-content\/uploads\/2020\/08\/VAGABONDAGE.png\" target=\"_blank\" rel=\"noopener noreferrer\">vagabondage<\/a>, coups, outrage et blessures volontaires, fraude d\u2019allumettes, complicit\u00e9 de vol, r\u00e9bellion et \u25ba<a href=\"https:\/\/www.lesmaconsdelacreuse.fr\/annuaires\/wp-content\/uploads\/2019\/08\/RUPTURE-DE-BAN.png\" target=\"_blank\" rel=\"noopener noreferrer\"> rupture de ban<\/a><\/em>.<\/p>\n<p><em>Pendant ce laps de temps, il habite successivement 147, rue Moli\u00e8re, <\/em><strong><span style=\"color: #0000ff;\">Lyon<\/span> <span style=\"color: #0000ff;\">(69)<\/span><\/strong><em> 3e\u00a0; Champs-Fleuri, Lyon 5e\u00a0; impasse Lassalle, <\/em><span style=\"color: #0000ff;\"><strong>Villeurbanne (69)<\/strong><\/span><em>, puis il est sans domicile fixe \u00e0 Lyon.<\/em><\/p>\n<p><strong>En 1908<\/strong><em>, il travaille \u00e0 <\/em><span style=\"color: #0000ff;\"><strong>V\u00e9nissieux (69)<\/strong><\/span><em>, et habite 46, rue Jules Ferry.<\/em><\/p>\n<p><em>Le 10 avril de la m\u00eame ann\u00e9e, il d\u00e9c\u00e8de <\/em><strong>c\u00e9libataire<\/strong><em> \u00e0 l\u2019H\u00f4pital d\u2019Isolement de Caluire (69)<\/em>,<em> \u00e2g\u00e9 de 36 ans.<\/em><\/p>\n<p>&nbsp;<\/p>\n","protected":false},"excerpt":{"rendered":"<p>Mis \u00e0 jour le : 27\/04\/2026Fran\u00e7ois TH\u00c8VE 1871 &#8211; 1908 ma\u00e7on &nbsp; n\u00e9 \u00e0 Buze (Saint-Pardoux-Lavaud) le 8 ao\u00fbt 1871 fils de L\u00e9onard TH\u00c8VE, ma\u00e7on L\u00e9onarde VIEILLAUD, tisserande \u25d9 Entre 1884 et 1892, Fran\u00e7ois est incarc\u00e9r\u00e9 \u00e0 Lyon 8 fois\u00a0 \u00e0 la \u25baprison Saint-Paul puis \u00e0 la \u25baprison Saint-Joseph, pour \u25bavagabondage, coups, outrage et blessures ..<\/p>\n<div class=\"clear-fix\"><\/div>\n<p><a href=\"https:\/\/www.lesmaconsdelacreuse.fr\/annuaires\/lettre-t\/d_309\/\" title=\"Lire la suite...\">Lire la suite<\/a><\/p>\n","protected":false},"author":6,"featured_media":0,"comment_status":"closed","ping_status":"closed","sticky":false,"template":"","format":"standard","meta":{"_acf_changed":false,"_exactmetrics_skip_tracking":false,"_exactmetrics_sitenote_active":false,"_exactmetrics_sitenote_note":"","_exactmetrics_sitenote_category":0,"footnotes":""},"categories":[17,13],"tags":[],"class_list":["post-19399","post","type-post","status-publish","format-standard","hentry","category-lettre-d","category-lettre-t"],"acf":[],"_links":{"self":[{"href":"https:\/\/www.lesmaconsdelacreuse.fr\/annuaires\/wp-json\/wp\/v2\/posts\/19399","targetHints":{"allow":["GET"]}}],"collection":[{"href":"https:\/\/www.lesmaconsdelacreuse.fr\/annuaires\/wp-json\/wp\/v2\/posts"}],"about":[{"href":"https:\/\/www.lesmaconsdelacreuse.fr\/annuaires\/wp-json\/wp\/v2\/types\/post"}],"author":[{"embeddable":true,"href":"https:\/\/www.lesmaconsdelacreuse.fr\/annuaires\/wp-json\/wp\/v2\/users\/6"}],"replies":[{"embeddable":true,"href":"https:\/\/www.lesmaconsdelacreuse.fr\/annuaires\/wp-json\/wp\/v2\/comments?post=19399"}],"version-history":[{"count":0,"href":"https:\/\/www.lesmaconsdelacreuse.fr\/annuaires\/wp-json\/wp\/v2\/posts\/19399\/revisions"}],"wp:attachment":[{"href":"https:\/\/www.lesmaconsdelacreuse.fr\/annuaires\/wp-json\/wp\/v2\/media?parent=19399"}],"wp:term":[{"taxonomy":"category","embeddable":true,"href":"https:\/\/www.lesmaconsdelacreuse.fr\/annuaires\/wp-json\/wp\/v2\/categories?post=19399"},{"taxonomy":"post_tag","embeddable":true,"href":"https:\/\/www.lesmaconsdelacreuse.fr\/annuaires\/wp-json\/wp\/v2\/tags?post=19399"}],"curies":[{"name":"wp","href":"https:\/\/api.w.org\/{rel}","templated":true}]}}