{"id":193991,"date":"2022-01-14T20:40:05","date_gmt":"2022-01-14T19:40:05","guid":{"rendered":"https:\/\/www.lesmaconsdelacreuse.fr\/annuaires\/?p=193991"},"modified":"2022-01-31T17:50:00","modified_gmt":"2022-01-31T16:50:00","slug":"segur-celestin-eugene-1901-1987","status":"publish","type":"post","link":"https:\/\/www.lesmaconsdelacreuse.fr\/annuaires\/lettre-s\/segur-celestin-eugene-1901-1987\/","title":{"rendered":"S\u00c9GUR C\u00e9lestin Eug\u00e8ne (1901-1987)"},"content":{"rendered":"<p class=\"last-updated\"><strong>Mis \u00e0 jour le :<\/strong> 29\/04\/2026<\/p><h2 style=\"text-align: center;\">C\u00e9lestin Eug\u00e8ne S\u00c9GUR<\/h2>\n<p style=\"text-align: center;\"><strong>1901 &#8211; 1987<\/strong><\/p>\n<h4 style=\"text-align: center;\"><span style=\"color: #008000;\">ma\u00e7on<\/span><\/h4>\n<p style=\"text-align: center;\">n\u00e9 \u00e0 Saint-Pardoux-Lavaud<\/p>\n<p style=\"text-align: center;\">le 28 novembre 1901<\/p>\n<p style=\"text-align: center;\">fils de L\u00e9onard et d&rsquo;\u00c9lisa JEANNETAUD<\/p>\n<p style=\"text-align: center;\">propri\u00e9taires cultivateurs<\/p>\n<p>&nbsp;<\/p>\n<p><em>C\u00e9lestin \u00e9pouse Marie L\u00e9a <\/em><strong>PICHOT <\/strong><em>le 25 f\u00e9vrier <\/em><strong>1926<\/strong> <em>(mari\u00e9s sans contrat).<\/em><\/p>\n<p><strong>En 1931<\/strong><em>, il habite Montayaud, commune de Saint-Junien-la-Breg\u00e8re.<\/em><\/p>\n<p><em>Les \u00e9poux d\u00e9c\u00e8dent \u00e0 Bourganeuf:<\/em><\/p>\n<ul>\n<li><em>C\u00e9lestin, le 12 mars <\/em><strong>1987<\/strong><em>, \u00e2g\u00e9 de 85 ans<\/em><\/li>\n<li><em>L\u00e9a, le 5 octobre <\/em><strong>2003<\/strong><em>, \u00e2g\u00e9e de 95 ans<\/em><\/li>\n<\/ul>\n","protected":false},"excerpt":{"rendered":"<p>Mis \u00e0 jour le : 29\/04\/2026C\u00e9lestin Eug\u00e8ne S\u00c9GUR 1901 &#8211; 1987 ma\u00e7on n\u00e9 \u00e0 Saint-Pardoux-Lavaud le 28 novembre 1901 fils de L\u00e9onard et d&rsquo;\u00c9lisa JEANNETAUD propri\u00e9taires cultivateurs &nbsp; C\u00e9lestin \u00e9pouse Marie L\u00e9a PICHOT le 25 f\u00e9vrier 1926 (mari\u00e9s sans contrat). En 1931, il habite Montayaud, commune de Saint-Junien-la-Breg\u00e8re. Les \u00e9poux d\u00e9c\u00e8dent \u00e0 Bourganeuf: C\u00e9lestin, le ..<\/p>\n<div class=\"clear-fix\"><\/div>\n<p><a href=\"https:\/\/www.lesmaconsdelacreuse.fr\/annuaires\/lettre-s\/segur-celestin-eugene-1901-1987\/\" title=\"Lire la suite...\">Lire la suite<\/a><\/p>\n","protected":false},"author":6,"featured_media":0,"comment_status":"closed","ping_status":"closed","sticky":false,"template":"","format":"standard","meta":{"_acf_changed":false,"_exactmetrics_skip_tracking":false,"_exactmetrics_sitenote_active":false,"_exactmetrics_sitenote_note":"","_exactmetrics_sitenote_category":0,"footnotes":""},"categories":[12],"tags":[],"class_list":["post-193991","post","type-post","status-publish","format-standard","hentry","category-lettre-s"],"acf":[],"_links":{"self":[{"href":"https:\/\/www.lesmaconsdelacreuse.fr\/annuaires\/wp-json\/wp\/v2\/posts\/193991","targetHints":{"allow":["GET"]}}],"collection":[{"href":"https:\/\/www.lesmaconsdelacreuse.fr\/annuaires\/wp-json\/wp\/v2\/posts"}],"about":[{"href":"https:\/\/www.lesmaconsdelacreuse.fr\/annuaires\/wp-json\/wp\/v2\/types\/post"}],"author":[{"embeddable":true,"href":"https:\/\/www.lesmaconsdelacreuse.fr\/annuaires\/wp-json\/wp\/v2\/users\/6"}],"replies":[{"embeddable":true,"href":"https:\/\/www.lesmaconsdelacreuse.fr\/annuaires\/wp-json\/wp\/v2\/comments?post=193991"}],"version-history":[{"count":3,"href":"https:\/\/www.lesmaconsdelacreuse.fr\/annuaires\/wp-json\/wp\/v2\/posts\/193991\/revisions"}],"predecessor-version":[{"id":194320,"href":"https:\/\/www.lesmaconsdelacreuse.fr\/annuaires\/wp-json\/wp\/v2\/posts\/193991\/revisions\/194320"}],"wp:attachment":[{"href":"https:\/\/www.lesmaconsdelacreuse.fr\/annuaires\/wp-json\/wp\/v2\/media?parent=193991"}],"wp:term":[{"taxonomy":"category","embeddable":true,"href":"https:\/\/www.lesmaconsdelacreuse.fr\/annuaires\/wp-json\/wp\/v2\/categories?post=193991"},{"taxonomy":"post_tag","embeddable":true,"href":"https:\/\/www.lesmaconsdelacreuse.fr\/annuaires\/wp-json\/wp\/v2\/tags?post=193991"}],"curies":[{"name":"wp","href":"https:\/\/api.w.org\/{rel}","templated":true}]}}