{"id":19401,"date":"2019-07-28T19:34:20","date_gmt":"2019-07-28T17:34:20","guid":{"rendered":"http:\/\/lesmaconsdelacreuse.fr\/annuaire\/?p=19401"},"modified":"2020-09-28T17:22:39","modified_gmt":"2020-09-28T15:22:39","slug":"d_302","status":"publish","type":"post","link":"https:\/\/www.lesmaconsdelacreuse.fr\/annuaires\/lettre-t\/d_302\/","title":{"rendered":"THEVES Alexandre Henri (1868\u2013apr\u00e8s 1903)"},"content":{"rendered":"<p class=\"last-updated\"><strong>Mis \u00e0 jour le :<\/strong> 27\/04\/2026<\/p><h2 style=\"text-align: center;\"><strong>Alexandre Henri TH\u00c8VES<\/strong><\/h2>\n<p style=\"text-align: center;\"><strong>1868 \u2013 apr\u00e8s 1903<\/strong><\/p>\n<p style=\"text-align: center;\"><img loading=\"lazy\" decoding=\"async\" class=\"\" title=\"\" src=\"https:\/\/lesmaconsdelacreuse.fr\/annuaire\/wp-content\/uploads\/2019\/07\/image1-4582.jpg\" alt=\"\" width=\"268\" height=\"80\" data-source-id=\"i.0\" data-asset-id=\"19398\" \/><\/p>\n<h4 style=\"text-align: center;\"><span style=\"color: #008000;\"><strong>ma\u00e7on<\/strong><\/span><\/h4>\n<p>&nbsp;<\/p>\n<p style=\"text-align: center;\">n\u00e9 \u00e0 Buze (Saint-Pardoux-Lavaud)<\/p>\n<p style=\"text-align: center;\">le 7 septembre 1868<\/p>\n<p style=\"text-align: center;\">fils de<\/p>\n<p style=\"text-align: center;\">L\u00e9onard TH\u00c8VES, <span style=\"color: #008000;\"><strong>ma\u00e7on<\/strong><\/span><\/p>\n<p style=\"text-align: center;\">L\u00e9onarde VIEILLAUD, tisserande<\/p>\n<p style=\"text-align: center;\"><span style=\"color: #ffffff;\">\u25d9<\/span><\/p>\n<p><strong>En 1884<\/strong><em>, Alexandre est incarc\u00e9r\u00e9 pendant 3 jours \u00e0 la \u25ba<a href=\"https:\/\/www.lesmaconsdelacreuse.fr\/annuaires\/wp-content\/uploads\/2020\/08\/PRISON-SAINT-PAUL.png\" target=\"_blank\" rel=\"noopener noreferrer\">prison Saint-Paul<\/a><\/em> <em>pour complicit\u00e9 de vol\u00a0; il habite impasse Lassalle \u00e0 <\/em><span style=\"color: #0000ff;\"><strong>Villeurbanne (69)<\/strong><\/span><em>.<\/em><\/p>\n<p><strong>En 1896<\/strong><em>, il est \u00e0 <\/em><span style=\"color: #0000ff;\"><strong>Saint-Genis-Laval (69)<\/strong><\/span><em> .<\/em><\/p>\n<p><em>Le 20 novembre de la m\u00eame ann\u00e9e, il y \u00e9pouse Jeanne Philom\u00e8ne <\/em><strong>CHARVIN<\/strong><em>, \u25ba<a href=\"https:\/\/www.lesmaconsdelacreuse.fr\/annuaires\/wp-content\/uploads\/2019\/07\/CULOTTI\u00c8RE.png\" target=\"_blank\" rel=\"noopener noreferrer\">culotti\u00e8re<\/a> native de Haute-Savoie (mari\u00e9s sans contrat).<\/em><\/p>\n<p><em> Jeanne d\u00e9c\u00e8de \u00e0 Saint-Genis<\/em> <em>le 1er avril <\/em><strong>1903<\/strong><em>, \u00e2g\u00e9e de 41 ans. <\/em><\/p>\n<p><em>Th\u00e9odore se remarie le 20 ao\u00fbt de la m\u00eame ann\u00e9e, toujours \u00e0 Saint-Genis, avec Marie Jos\u00e9phine <\/em><strong>GUERRAZ<\/strong><em>, employ\u00e9e n\u00e9e en Savoie (mari\u00e9s sans contrat). <\/em><\/p>\n<p>&nbsp;<\/p>\n","protected":false},"excerpt":{"rendered":"<p>Mis \u00e0 jour le : 27\/04\/2026Alexandre Henri TH\u00c8VES 1868 \u2013 apr\u00e8s 1903 ma\u00e7on &nbsp; n\u00e9 \u00e0 Buze (Saint-Pardoux-Lavaud) le 7 septembre 1868 fils de L\u00e9onard TH\u00c8VES, ma\u00e7on L\u00e9onarde VIEILLAUD, tisserande \u25d9 En 1884, Alexandre est incarc\u00e9r\u00e9 pendant 3 jours \u00e0 la \u25baprison Saint-Paul pour complicit\u00e9 de vol\u00a0; il habite impasse Lassalle \u00e0 Villeurbanne (69). En ..<\/p>\n<div class=\"clear-fix\"><\/div>\n<p><a href=\"https:\/\/www.lesmaconsdelacreuse.fr\/annuaires\/lettre-t\/d_302\/\" title=\"Lire la suite...\">Lire la suite<\/a><\/p>\n","protected":false},"author":6,"featured_media":0,"comment_status":"closed","ping_status":"closed","sticky":false,"template":"","format":"standard","meta":{"_acf_changed":false,"_exactmetrics_skip_tracking":false,"_exactmetrics_sitenote_active":false,"_exactmetrics_sitenote_note":"","_exactmetrics_sitenote_category":0,"footnotes":""},"categories":[17,13],"tags":[],"class_list":["post-19401","post","type-post","status-publish","format-standard","hentry","category-lettre-d","category-lettre-t"],"acf":[],"_links":{"self":[{"href":"https:\/\/www.lesmaconsdelacreuse.fr\/annuaires\/wp-json\/wp\/v2\/posts\/19401","targetHints":{"allow":["GET"]}}],"collection":[{"href":"https:\/\/www.lesmaconsdelacreuse.fr\/annuaires\/wp-json\/wp\/v2\/posts"}],"about":[{"href":"https:\/\/www.lesmaconsdelacreuse.fr\/annuaires\/wp-json\/wp\/v2\/types\/post"}],"author":[{"embeddable":true,"href":"https:\/\/www.lesmaconsdelacreuse.fr\/annuaires\/wp-json\/wp\/v2\/users\/6"}],"replies":[{"embeddable":true,"href":"https:\/\/www.lesmaconsdelacreuse.fr\/annuaires\/wp-json\/wp\/v2\/comments?post=19401"}],"version-history":[{"count":0,"href":"https:\/\/www.lesmaconsdelacreuse.fr\/annuaires\/wp-json\/wp\/v2\/posts\/19401\/revisions"}],"wp:attachment":[{"href":"https:\/\/www.lesmaconsdelacreuse.fr\/annuaires\/wp-json\/wp\/v2\/media?parent=19401"}],"wp:term":[{"taxonomy":"category","embeddable":true,"href":"https:\/\/www.lesmaconsdelacreuse.fr\/annuaires\/wp-json\/wp\/v2\/categories?post=19401"},{"taxonomy":"post_tag","embeddable":true,"href":"https:\/\/www.lesmaconsdelacreuse.fr\/annuaires\/wp-json\/wp\/v2\/tags?post=19401"}],"curies":[{"name":"wp","href":"https:\/\/api.w.org\/{rel}","templated":true}]}}