{"id":19413,"date":"2019-07-28T19:34:18","date_gmt":"2019-07-28T17:34:18","guid":{"rendered":"http:\/\/lesmaconsdelacreuse.fr\/annuaire\/?p=19413"},"modified":"2020-08-23T15:22:26","modified_gmt":"2020-08-23T13:22:26","slug":"d_311","status":"publish","type":"post","link":"https:\/\/www.lesmaconsdelacreuse.fr\/annuaires\/lettre-t\/d_311\/","title":{"rendered":"THEVE Gabriel (1818\u20131895)"},"content":{"rendered":"<p class=\"last-updated\"><strong>Mis \u00e0 jour le :<\/strong> 27\/04\/2026<\/p><h2 style=\"text-align: center;\"><strong>Gabriel TH\u00c8VE<\/strong><\/h2>\n<p style=\"text-align: center;\"><strong>L\u00e9ger TH\u00c8VE<\/strong><\/p>\n<p style=\"text-align: center;\"><strong>1818 \u2013 1895<\/strong><\/p>\n<p style=\"text-align: center;\"><img decoding=\"async\" title=\"\" src=\"https:\/\/lesmaconsdelacreuse.fr\/annuaire\/wp-content\/uploads\/2019\/07\/image1-4588.jpg\" alt=\"\" data-source-id=\"i.0\" data-asset-id=\"19412\" \/><\/p>\n<h4 style=\"text-align: center;\"><span style=\"color: #008000;\"><strong>ma\u00e7on <\/strong>et<strong> cultivateur<\/strong><\/span><\/h4>\n<p style=\"text-align: center;\">n\u00e9 \u00e0 Rieublanc (Morterolles)<\/p>\n<p style=\"text-align: center;\">le 22 octobre 1818<\/p>\n<p style=\"text-align: center;\">fils de<\/p>\n<p style=\"text-align: center;\">Jean TH\u00c8VE,<span style=\"color: #008000;\"><strong> ma\u00e7on<\/strong><\/span><\/p>\n<p style=\"text-align: center;\">Marie QUEYROIX, cultivatrice<\/p>\n<p style=\"text-align: center;\"><span style=\"color: #ffffff;\">\u25d9<\/span><\/p>\n<p><em>Gabriel \u00e9pouse Fran\u00e7oise <\/em><strong>MOURAUD<\/strong><em> le 23 f\u00e9vrier <\/em><strong>1846<\/strong><em> \u00e0 Morterolles. Le couple habite Le Breuil.<\/em><\/p>\n<p><strong>En 1857<\/strong><em>, Gabriel travaille dans le d\u00e9partement du <\/em><span style=\"color: #0000ff;\"><strong>Rh\u00f4ne<\/strong><\/span><em>. <\/em><\/p>\n<p><strong>En 1859<\/strong><em>, il est \u00e0 <\/em><span style=\"color: #0000ff;\"><strong>Lyon (69)<\/strong><\/span><em>, et habite 16, Grande Rue de la Croix-Rousse.<\/em><\/p>\n<p><em>Les \u00e9poux d\u00e9c\u00e8dent tous deux au Breuil\u00a0:<\/em><\/p>\n<ul>\n<li><em>Fran\u00e7oise, le 6 mars <\/em><strong>1875<\/strong><em>, \u00e2g\u00e9e de 57 ans<\/em><\/li>\n<li><em>Gabriel, le 9 f\u00e9vrier <\/em><strong>1895<\/strong><em>, \u00e2g\u00e9 de 76 ans<\/em><\/li>\n<\/ul>\n","protected":false},"excerpt":{"rendered":"<p>Mis \u00e0 jour le : 27\/04\/2026Gabriel TH\u00c8VE L\u00e9ger TH\u00c8VE 1818 \u2013 1895 ma\u00e7on et cultivateur n\u00e9 \u00e0 Rieublanc (Morterolles) le 22 octobre 1818 fils de Jean TH\u00c8VE, ma\u00e7on Marie QUEYROIX, cultivatrice \u25d9 Gabriel \u00e9pouse Fran\u00e7oise MOURAUD le 23 f\u00e9vrier 1846 \u00e0 Morterolles. Le couple habite Le Breuil. En 1857, Gabriel travaille dans le d\u00e9partement du ..<\/p>\n<div class=\"clear-fix\"><\/div>\n<p><a href=\"https:\/\/www.lesmaconsdelacreuse.fr\/annuaires\/lettre-t\/d_311\/\" title=\"Lire la suite...\">Lire la suite<\/a><\/p>\n","protected":false},"author":6,"featured_media":0,"comment_status":"closed","ping_status":"closed","sticky":false,"template":"","format":"standard","meta":{"_acf_changed":false,"_exactmetrics_skip_tracking":false,"_exactmetrics_sitenote_active":false,"_exactmetrics_sitenote_note":"","_exactmetrics_sitenote_category":0,"footnotes":""},"categories":[17,13],"tags":[],"class_list":["post-19413","post","type-post","status-publish","format-standard","hentry","category-lettre-d","category-lettre-t"],"acf":[],"_links":{"self":[{"href":"https:\/\/www.lesmaconsdelacreuse.fr\/annuaires\/wp-json\/wp\/v2\/posts\/19413","targetHints":{"allow":["GET"]}}],"collection":[{"href":"https:\/\/www.lesmaconsdelacreuse.fr\/annuaires\/wp-json\/wp\/v2\/posts"}],"about":[{"href":"https:\/\/www.lesmaconsdelacreuse.fr\/annuaires\/wp-json\/wp\/v2\/types\/post"}],"author":[{"embeddable":true,"href":"https:\/\/www.lesmaconsdelacreuse.fr\/annuaires\/wp-json\/wp\/v2\/users\/6"}],"replies":[{"embeddable":true,"href":"https:\/\/www.lesmaconsdelacreuse.fr\/annuaires\/wp-json\/wp\/v2\/comments?post=19413"}],"version-history":[{"count":0,"href":"https:\/\/www.lesmaconsdelacreuse.fr\/annuaires\/wp-json\/wp\/v2\/posts\/19413\/revisions"}],"wp:attachment":[{"href":"https:\/\/www.lesmaconsdelacreuse.fr\/annuaires\/wp-json\/wp\/v2\/media?parent=19413"}],"wp:term":[{"taxonomy":"category","embeddable":true,"href":"https:\/\/www.lesmaconsdelacreuse.fr\/annuaires\/wp-json\/wp\/v2\/categories?post=19413"},{"taxonomy":"post_tag","embeddable":true,"href":"https:\/\/www.lesmaconsdelacreuse.fr\/annuaires\/wp-json\/wp\/v2\/tags?post=19413"}],"curies":[{"name":"wp","href":"https:\/\/api.w.org\/{rel}","templated":true}]}}