{"id":194570,"date":"2022-02-08T11:39:28","date_gmt":"2022-02-08T10:39:28","guid":{"rendered":"https:\/\/www.lesmaconsdelacreuse.fr\/annuaires\/?p=194570"},"modified":"2022-02-09T10:56:30","modified_gmt":"2022-02-09T09:56:30","slug":"sylvain-jean-1866-1942","status":"publish","type":"post","link":"https:\/\/www.lesmaconsdelacreuse.fr\/annuaires\/non-classe\/sylvain-jean-1866-1942\/","title":{"rendered":"SYLVAIN Jean (1866-1942)"},"content":{"rendered":"<p class=\"last-updated\"><strong>Mis \u00e0 jour le :<\/strong> 29\/04\/2026<\/p><h2 style=\"text-align: center;\">Jean SYLVAIN (1866 &#8211; 1942)<\/h2>\n<p style=\"text-align: center;\"><strong>Jean SILVIN<\/strong><\/p>\n<h4 style=\"text-align: center;\"><span style=\"color: #008000;\">entrepreneur<\/span><\/h4>\n<p style=\"text-align: center;\">n\u00e9 \u00e0 Chez-Sudrot (Faux-Mazuras)<\/p>\n<p style=\"text-align: center;\">le 6 septembre 1866<\/p>\n<p style=\"text-align: center;\">fils d&rsquo;Antoine et de L\u00e9onarde THEILLAUD<\/p>\n<p style=\"text-align: center;\">cultivateurs<\/p>\n<p>&nbsp;<\/p>\n<p><em>Jean, <\/em><span style=\"color: #008000;\"><strong>ma\u00e7on<\/strong><\/span><em>, \u00e9pouse Marguerite <\/em><strong>BARRET<\/strong><em> le 28 avril <\/em><strong>1891<\/strong><em> \u00e0 Saint-Pardoux-Lavaud (contrat Berger \u00e0 Bourganeuf).<\/em><\/p>\n<p><em>Ils habitent La Vialle, commune de Saint-Moreil.<\/em><\/p>\n<p><strong>En 1905<\/strong><em>, ils habitent <\/em><span style=\"color: #0000ff;\"><strong>Paris 17e<\/strong><\/span><em>;<\/em><\/p>\n<p><strong>en 1919<\/strong><em>, <\/em><span style=\"color: #0000ff;\"><strong>Maisons-Laffitte (78)<\/strong><\/span><em>, 30, rue du Gros Murger.<\/em><\/p>\n<p><strong>En 1924<\/strong>, Jean est <span style=\"color: #008000;\"><strong>entrepreneur<\/strong><\/span> \u00e0 <span style=\"color: #0000ff;\"><strong>Valenciennes (59)<\/strong><\/span>, rue des Glatignies.<\/p>\n<p><em>Les \u00e9poux d\u00e9c\u00e8dent \u00e0 La Vialle:<\/em><\/p>\n<ul>\n<li><em>Marguerite, le 3 janvier <\/em><strong>1940<\/strong><em>, \u00e2g\u00e9e de 70 ans<\/em><\/li>\n<li><em>Jean, le 30 juillet <\/em><strong>1942<\/strong><em>, \u00e2g\u00e9<\/em> <em>de 75 ans<\/em><\/li>\n<\/ul>\n","protected":false},"excerpt":{"rendered":"<p>Mis \u00e0 jour le : 29\/04\/2026Jean SYLVAIN (1866 &#8211; 1942) Jean SILVIN entrepreneur n\u00e9 \u00e0 Chez-Sudrot (Faux-Mazuras) le 6 septembre 1866 fils d&rsquo;Antoine et de L\u00e9onarde THEILLAUD cultivateurs &nbsp; Jean, ma\u00e7on, \u00e9pouse Marguerite BARRET le 28 avril 1891 \u00e0 Saint-Pardoux-Lavaud (contrat Berger \u00e0 Bourganeuf). Ils habitent La Vialle, commune de Saint-Moreil. En 1905, ils habitent ..<\/p>\n<div class=\"clear-fix\"><\/div>\n<p><a href=\"https:\/\/www.lesmaconsdelacreuse.fr\/annuaires\/non-classe\/sylvain-jean-1866-1942\/\" title=\"Lire la suite...\">Lire la suite<\/a><\/p>\n","protected":false},"author":6,"featured_media":0,"comment_status":"closed","ping_status":"closed","sticky":false,"template":"","format":"standard","meta":{"_acf_changed":false,"_exactmetrics_skip_tracking":false,"_exactmetrics_sitenote_active":false,"_exactmetrics_sitenote_note":"","_exactmetrics_sitenote_category":0,"footnotes":""},"categories":[12],"tags":[],"class_list":["post-194570","post","type-post","status-publish","format-standard","hentry","category-lettre-s"],"acf":[],"_links":{"self":[{"href":"https:\/\/www.lesmaconsdelacreuse.fr\/annuaires\/wp-json\/wp\/v2\/posts\/194570","targetHints":{"allow":["GET"]}}],"collection":[{"href":"https:\/\/www.lesmaconsdelacreuse.fr\/annuaires\/wp-json\/wp\/v2\/posts"}],"about":[{"href":"https:\/\/www.lesmaconsdelacreuse.fr\/annuaires\/wp-json\/wp\/v2\/types\/post"}],"author":[{"embeddable":true,"href":"https:\/\/www.lesmaconsdelacreuse.fr\/annuaires\/wp-json\/wp\/v2\/users\/6"}],"replies":[{"embeddable":true,"href":"https:\/\/www.lesmaconsdelacreuse.fr\/annuaires\/wp-json\/wp\/v2\/comments?post=194570"}],"version-history":[{"count":3,"href":"https:\/\/www.lesmaconsdelacreuse.fr\/annuaires\/wp-json\/wp\/v2\/posts\/194570\/revisions"}],"predecessor-version":[{"id":194582,"href":"https:\/\/www.lesmaconsdelacreuse.fr\/annuaires\/wp-json\/wp\/v2\/posts\/194570\/revisions\/194582"}],"wp:attachment":[{"href":"https:\/\/www.lesmaconsdelacreuse.fr\/annuaires\/wp-json\/wp\/v2\/media?parent=194570"}],"wp:term":[{"taxonomy":"category","embeddable":true,"href":"https:\/\/www.lesmaconsdelacreuse.fr\/annuaires\/wp-json\/wp\/v2\/categories?post=194570"},{"taxonomy":"post_tag","embeddable":true,"href":"https:\/\/www.lesmaconsdelacreuse.fr\/annuaires\/wp-json\/wp\/v2\/tags?post=194570"}],"curies":[{"name":"wp","href":"https:\/\/api.w.org\/{rel}","templated":true}]}}