{"id":19474,"date":"2019-07-28T19:34:13","date_gmt":"2019-07-28T17:34:13","guid":{"rendered":"http:\/\/lesmaconsdelacreuse.fr\/annuaire\/?p=19474"},"modified":"2021-12-21T10:18:51","modified_gmt":"2021-12-21T09:18:51","slug":"d_303","status":"publish","type":"post","link":"https:\/\/www.lesmaconsdelacreuse.fr\/annuaires\/lettre-t\/d_303\/","title":{"rendered":"THEVES Blaise (1857\u20131927)"},"content":{"rendered":"<p class=\"last-updated\"><strong>Mis \u00e0 jour le :<\/strong> 27\/04\/2026<\/p><h2 style=\"text-align: center;\"><strong>Blaise TH\u00c8VES<\/strong><\/h2>\n<p style=\"text-align: center;\"><strong>1857 \u2013 1927<\/strong><\/p>\n<p style=\"text-align: center;\"><img decoding=\"async\" title=\"\" src=\"https:\/\/lesmaconsdelacreuse.fr\/annuaire\/wp-content\/uploads\/2019\/07\/image1-311.png\" alt=\"\" data-source-id=\"i.0\" data-asset-id=\"19472\" \/><\/p>\n<h4 style=\"text-align: center;\"><span style=\"color: #008000;\"><strong>ma\u00e7on<\/strong><\/span><\/h4>\n<p style=\"text-align: center;\">n\u00e9 au Breuil (Morterolles)<\/p>\n<p style=\"text-align: center;\">le 16 novembre 1857<\/p>\n<p style=\"text-align: center;\">fils de<\/p>\n<p style=\"text-align: center;\">Gabriel TH\u00c8VES, <span style=\"color: #008000;\"><strong>ma\u00e7on<\/strong><\/span><\/p>\n<p style=\"text-align: center;\">Fran\u00e7oise MOREAU, cultivatrice<\/p>\n<p style=\"text-align: center;\"><span style=\"color: #ffffff;\">\u25d9<\/span><\/p>\n<p><strong>En 1876<\/strong><em>, Blaise travaille \u00e0 <\/em><span style=\"color: #0000ff;\"><strong>Givors (69)<\/strong><\/span><em>, et loge 16, place du Suel.<\/em><\/p>\n<p><strong>En 1878<\/strong><em>, il passe le conseil de r\u00e9vision \u00e0 <\/em><span style=\"color: #0000ff;\"><strong>Lyon (69)<\/strong><\/span><em>. Il loge 18, rue de Cuire.<\/em><\/p>\n<p><em> Il \u00e9pouse Fran\u00e7oise <\/em><strong>JULIEN<\/strong><em> le 3 f\u00e9vrier <\/em><strong>1883<\/strong><em> \u00e0 Saint-Junien-la-Breg\u00e8re (contrat Bonnenfant \u00e0 Bourganeuf). Ils habitent Montayaud, m\u00eame commune.<\/em><\/p>\n<p><em>Blaise travaille \u00e0 <\/em><span style=\"color: #0000ff;\"><strong>Cerdon (01)<\/strong><\/span><em><span style=\"color: #0000ff;\">\u00a0<\/span>;<\/em><\/p>\n<p><strong>en 1887<\/strong><em>, \u00e0 <\/em><strong><span style=\"color: #0000ff;\">Bordeaux (33)<\/span>\u00a0<\/strong><em>;<\/em><\/p>\n<p><strong>en 1892<\/strong><em>, \u00e0 <\/em><strong><span style=\"color: #0000ff;\">Vienne (38)<\/span>\u00a0<\/strong><em>;<\/em><\/p>\n<p><em>de nouveau \u00e0 Lyon, 16, rue Villeroi.<\/em><\/p>\n<p><em>Il d\u00e9c\u00e8de \u00e0 Montayaud le 15 mars <\/em><strong>1927<\/strong><em>, \u00e2g\u00e9 de 69 ans.<\/em><\/p>\n<p style=\"text-align: center;\"><span style=\"color: #ffffff;\">\u25d9<\/span><\/p>\n","protected":false},"excerpt":{"rendered":"<p>Mis \u00e0 jour le : 27\/04\/2026Blaise TH\u00c8VES 1857 \u2013 1927 ma\u00e7on n\u00e9 au Breuil (Morterolles) le 16 novembre 1857 fils de Gabriel TH\u00c8VES, ma\u00e7on Fran\u00e7oise MOREAU, cultivatrice \u25d9 En 1876, Blaise travaille \u00e0 Givors (69), et loge 16, place du Suel. En 1878, il passe le conseil de r\u00e9vision \u00e0 Lyon (69). Il loge 18, ..<\/p>\n<div class=\"clear-fix\"><\/div>\n<p><a href=\"https:\/\/www.lesmaconsdelacreuse.fr\/annuaires\/lettre-t\/d_303\/\" title=\"Lire la suite...\">Lire la suite<\/a><\/p>\n","protected":false},"author":6,"featured_media":0,"comment_status":"closed","ping_status":"closed","sticky":false,"template":"","format":"standard","meta":{"_acf_changed":false,"_exactmetrics_skip_tracking":false,"_exactmetrics_sitenote_active":false,"_exactmetrics_sitenote_note":"","_exactmetrics_sitenote_category":0,"footnotes":""},"categories":[17,13],"tags":[],"class_list":["post-19474","post","type-post","status-publish","format-standard","hentry","category-lettre-d","category-lettre-t"],"acf":[],"_links":{"self":[{"href":"https:\/\/www.lesmaconsdelacreuse.fr\/annuaires\/wp-json\/wp\/v2\/posts\/19474","targetHints":{"allow":["GET"]}}],"collection":[{"href":"https:\/\/www.lesmaconsdelacreuse.fr\/annuaires\/wp-json\/wp\/v2\/posts"}],"about":[{"href":"https:\/\/www.lesmaconsdelacreuse.fr\/annuaires\/wp-json\/wp\/v2\/types\/post"}],"author":[{"embeddable":true,"href":"https:\/\/www.lesmaconsdelacreuse.fr\/annuaires\/wp-json\/wp\/v2\/users\/6"}],"replies":[{"embeddable":true,"href":"https:\/\/www.lesmaconsdelacreuse.fr\/annuaires\/wp-json\/wp\/v2\/comments?post=19474"}],"version-history":[{"count":2,"href":"https:\/\/www.lesmaconsdelacreuse.fr\/annuaires\/wp-json\/wp\/v2\/posts\/19474\/revisions"}],"predecessor-version":[{"id":193479,"href":"https:\/\/www.lesmaconsdelacreuse.fr\/annuaires\/wp-json\/wp\/v2\/posts\/19474\/revisions\/193479"}],"wp:attachment":[{"href":"https:\/\/www.lesmaconsdelacreuse.fr\/annuaires\/wp-json\/wp\/v2\/media?parent=19474"}],"wp:term":[{"taxonomy":"category","embeddable":true,"href":"https:\/\/www.lesmaconsdelacreuse.fr\/annuaires\/wp-json\/wp\/v2\/categories?post=19474"},{"taxonomy":"post_tag","embeddable":true,"href":"https:\/\/www.lesmaconsdelacreuse.fr\/annuaires\/wp-json\/wp\/v2\/tags?post=19474"}],"curies":[{"name":"wp","href":"https:\/\/api.w.org\/{rel}","templated":true}]}}