{"id":195003,"date":"2022-02-15T17:52:39","date_gmt":"2022-02-15T16:52:39","guid":{"rendered":"https:\/\/www.lesmaconsdelacreuse.fr\/annuaires\/?p=195003"},"modified":"2022-02-15T17:52:39","modified_gmt":"2022-02-15T16:52:39","slug":"darfeuille-pierre-1871-1928","status":"publish","type":"post","link":"https:\/\/www.lesmaconsdelacreuse.fr\/annuaires\/lettre-d\/darfeuille-pierre-1871-1928\/","title":{"rendered":"DARFEUILLE Pierre (1871-1928)"},"content":{"rendered":"<p class=\"last-updated\"><strong>Mis \u00e0 jour le :<\/strong> 27\/04\/2026<\/p><h2 style=\"text-align: center;\">Pierre DARFEUILLE<\/h2>\n<p style=\"text-align: center;\"><strong>1871 &#8211; 1928<\/strong><\/p>\n<h4 style=\"text-align: center;\"><span style=\"color: #008000;\"><strong>ma\u00e7on et meunier<\/strong><\/span><\/h4>\n<p style=\"text-align: center;\">n\u00e9 \u00e0 Augne (87) le 23 mai 1871<\/p>\n<p style=\"text-align: center;\">fils de Martial et de Marie DUN\u00c8GRE, cultivateurs<\/p>\n<p>&nbsp;<\/p>\n<p><em>Pierre \u00e9pouse Anne <\/em><strong>DEVARD<\/strong><em> le 23 janvier <\/em><strong>1894<\/strong><em> \u00e0 Augne (87 &#8211; mari\u00e9s sans contrat).<\/em><\/p>\n<p><em>Ils habitent Pr\u00e9sench\u00e8res, commune de Saint-Moreil.<\/em><\/p>\n<p><em>Pierre travaille \u00e0 <\/em><span style=\"color: #0000ff;\"><strong>Bordeaux (33).<\/strong><\/span><\/p>\n<p><strong>En 1894<\/strong><em>, il loge 23, boulevard d&rsquo;Aquitaine;<\/em><\/p>\n<p><strong>en 1896<\/strong><em>, 47, rue Sainte-Eulalie.<\/em><\/p>\n<p><strong>En 1914<\/strong><em>, il n&rsquo;est pas mobilis\u00e9, \u00e9tant p\u00e8re de 8 enfants.<\/em><\/p>\n<p><em>Il d\u00e9c\u00e8de \u00e0 Lavareille, commune de Saint-Julien-le-Petit (87), le 3 ao\u00fbt <\/em><strong>1928<\/strong><em>, \u00e2g\u00e9 de 57 ans.<\/em><\/p>\n","protected":false},"excerpt":{"rendered":"<p>Mis \u00e0 jour le : 27\/04\/2026Pierre DARFEUILLE 1871 &#8211; 1928 ma\u00e7on et meunier n\u00e9 \u00e0 Augne (87) le 23 mai 1871 fils de Martial et de Marie DUN\u00c8GRE, cultivateurs &nbsp; Pierre \u00e9pouse Anne DEVARD le 23 janvier 1894 \u00e0 Augne (87 &#8211; mari\u00e9s sans contrat). Ils habitent Pr\u00e9sench\u00e8res, commune de Saint-Moreil. Pierre travaille \u00e0 Bordeaux ..<\/p>\n<div class=\"clear-fix\"><\/div>\n<p><a href=\"https:\/\/www.lesmaconsdelacreuse.fr\/annuaires\/lettre-d\/darfeuille-pierre-1871-1928\/\" title=\"Lire la suite...\">Lire la suite<\/a><\/p>\n","protected":false},"author":6,"featured_media":0,"comment_status":"closed","ping_status":"closed","sticky":false,"template":"","format":"standard","meta":{"_acf_changed":false,"_exactmetrics_skip_tracking":false,"_exactmetrics_sitenote_active":false,"_exactmetrics_sitenote_note":"","_exactmetrics_sitenote_category":0,"footnotes":""},"categories":[17],"tags":[],"class_list":["post-195003","post","type-post","status-publish","format-standard","hentry","category-lettre-d"],"acf":[],"_links":{"self":[{"href":"https:\/\/www.lesmaconsdelacreuse.fr\/annuaires\/wp-json\/wp\/v2\/posts\/195003","targetHints":{"allow":["GET"]}}],"collection":[{"href":"https:\/\/www.lesmaconsdelacreuse.fr\/annuaires\/wp-json\/wp\/v2\/posts"}],"about":[{"href":"https:\/\/www.lesmaconsdelacreuse.fr\/annuaires\/wp-json\/wp\/v2\/types\/post"}],"author":[{"embeddable":true,"href":"https:\/\/www.lesmaconsdelacreuse.fr\/annuaires\/wp-json\/wp\/v2\/users\/6"}],"replies":[{"embeddable":true,"href":"https:\/\/www.lesmaconsdelacreuse.fr\/annuaires\/wp-json\/wp\/v2\/comments?post=195003"}],"version-history":[{"count":1,"href":"https:\/\/www.lesmaconsdelacreuse.fr\/annuaires\/wp-json\/wp\/v2\/posts\/195003\/revisions"}],"predecessor-version":[{"id":195004,"href":"https:\/\/www.lesmaconsdelacreuse.fr\/annuaires\/wp-json\/wp\/v2\/posts\/195003\/revisions\/195004"}],"wp:attachment":[{"href":"https:\/\/www.lesmaconsdelacreuse.fr\/annuaires\/wp-json\/wp\/v2\/media?parent=195003"}],"wp:term":[{"taxonomy":"category","embeddable":true,"href":"https:\/\/www.lesmaconsdelacreuse.fr\/annuaires\/wp-json\/wp\/v2\/categories?post=195003"},{"taxonomy":"post_tag","embeddable":true,"href":"https:\/\/www.lesmaconsdelacreuse.fr\/annuaires\/wp-json\/wp\/v2\/tags?post=195003"}],"curies":[{"name":"wp","href":"https:\/\/api.w.org\/{rel}","templated":true}]}}