{"id":19508,"date":"2019-07-28T19:34:10","date_gmt":"2019-07-28T17:34:10","guid":{"rendered":"http:\/\/lesmaconsdelacreuse.fr\/annuaire\/?p=19508"},"modified":"2020-08-23T15:22:55","modified_gmt":"2020-08-23T13:22:55","slug":"d_313","status":"publish","type":"post","link":"https:\/\/www.lesmaconsdelacreuse.fr\/annuaires\/lettre-t\/d_313\/","title":{"rendered":"THEVE Gabriel Florentin (1857\u2013apr\u00e8s 1908)"},"content":{"rendered":"<p class=\"last-updated\"><strong>Mis \u00e0 jour le :<\/strong> 27\/04\/2026<\/p><h2 style=\"text-align: center;\"><strong>Gabriel Florentin TH\u00c8VE<\/strong><\/h2>\n<p style=\"text-align: center;\"><strong>1857 \u2013 apr\u00e8s 1908<\/strong><\/p>\n<p style=\"text-align: center;\"><img loading=\"lazy\" decoding=\"async\" class=\"\" title=\"\" src=\"https:\/\/lesmaconsdelacreuse.fr\/annuaire\/wp-content\/uploads\/2019\/07\/image1-312.png\" alt=\"\" width=\"173\" height=\"49\" data-source-id=\"i.0\" data-asset-id=\"19507\" \/><\/p>\n<h4 style=\"text-align: center;\"><span style=\"color: #008000;\"><strong>ma\u00e7on <\/strong>et <strong>propri\u00e9taire cultivateur<\/strong><\/span><\/h4>\n<p style=\"text-align: center;\">n\u00e9 \u00e0 Nadapeyras (Soubrebost)<\/p>\n<p style=\"text-align: center;\">le 27 septembre 1857<\/p>\n<p style=\"text-align: center;\">fils de<\/p>\n<p style=\"text-align: center;\">L\u00e9ger TH\u00c8VE,<span style=\"color: #008000;\"><strong> ma\u00e7on<\/strong><\/span><\/p>\n<p style=\"text-align: center;\">Anne CHAMPEYMOND, cultivatrice<\/p>\n<p style=\"text-align: center;\"><span style=\"color: #ffffff;\">\u25d9<\/span><\/p>\n<p><em>Gabriel \u00e9pouse Eug\u00e9nie <\/em><strong>B\u00c9NASSY<\/strong><em> le 14 f\u00e9vier <\/em><strong>1881<\/strong><em> \u00e0 Saint-Pardoux-Lavaud (contrat Magadoux \u00e0 Saint-Martin-Ch\u00e2teau).<\/em><\/p>\n<p><em>Ils habitent Le Mazeau, commune de Saint-Pardoux, puis Nadapeyras. <\/em><\/p>\n","protected":false},"excerpt":{"rendered":"<p>Mis \u00e0 jour le : 27\/04\/2026Gabriel Florentin TH\u00c8VE 1857 \u2013 apr\u00e8s 1908 ma\u00e7on et propri\u00e9taire cultivateur n\u00e9 \u00e0 Nadapeyras (Soubrebost) le 27 septembre 1857 fils de L\u00e9ger TH\u00c8VE, ma\u00e7on Anne CHAMPEYMOND, cultivatrice \u25d9 Gabriel \u00e9pouse Eug\u00e9nie B\u00c9NASSY le 14 f\u00e9vier 1881 \u00e0 Saint-Pardoux-Lavaud (contrat Magadoux \u00e0 Saint-Martin-Ch\u00e2teau). Ils habitent Le Mazeau, commune de Saint-Pardoux, puis ..<\/p>\n<div class=\"clear-fix\"><\/div>\n<p><a href=\"https:\/\/www.lesmaconsdelacreuse.fr\/annuaires\/lettre-t\/d_313\/\" title=\"Lire la suite...\">Lire la suite<\/a><\/p>\n","protected":false},"author":6,"featured_media":0,"comment_status":"closed","ping_status":"closed","sticky":false,"template":"","format":"standard","meta":{"_acf_changed":false,"_exactmetrics_skip_tracking":false,"_exactmetrics_sitenote_active":false,"_exactmetrics_sitenote_note":"","_exactmetrics_sitenote_category":0,"footnotes":""},"categories":[17,13],"tags":[],"class_list":["post-19508","post","type-post","status-publish","format-standard","hentry","category-lettre-d","category-lettre-t"],"acf":[],"_links":{"self":[{"href":"https:\/\/www.lesmaconsdelacreuse.fr\/annuaires\/wp-json\/wp\/v2\/posts\/19508","targetHints":{"allow":["GET"]}}],"collection":[{"href":"https:\/\/www.lesmaconsdelacreuse.fr\/annuaires\/wp-json\/wp\/v2\/posts"}],"about":[{"href":"https:\/\/www.lesmaconsdelacreuse.fr\/annuaires\/wp-json\/wp\/v2\/types\/post"}],"author":[{"embeddable":true,"href":"https:\/\/www.lesmaconsdelacreuse.fr\/annuaires\/wp-json\/wp\/v2\/users\/6"}],"replies":[{"embeddable":true,"href":"https:\/\/www.lesmaconsdelacreuse.fr\/annuaires\/wp-json\/wp\/v2\/comments?post=19508"}],"version-history":[{"count":0,"href":"https:\/\/www.lesmaconsdelacreuse.fr\/annuaires\/wp-json\/wp\/v2\/posts\/19508\/revisions"}],"wp:attachment":[{"href":"https:\/\/www.lesmaconsdelacreuse.fr\/annuaires\/wp-json\/wp\/v2\/media?parent=19508"}],"wp:term":[{"taxonomy":"category","embeddable":true,"href":"https:\/\/www.lesmaconsdelacreuse.fr\/annuaires\/wp-json\/wp\/v2\/categories?post=19508"},{"taxonomy":"post_tag","embeddable":true,"href":"https:\/\/www.lesmaconsdelacreuse.fr\/annuaires\/wp-json\/wp\/v2\/tags?post=19508"}],"curies":[{"name":"wp","href":"https:\/\/api.w.org\/{rel}","templated":true}]}}