{"id":19513,"date":"2019-07-28T19:34:10","date_gmt":"2019-07-28T17:34:10","guid":{"rendered":"http:\/\/lesmaconsdelacreuse.fr\/annuaire\/?p=19513"},"modified":"2020-08-23T15:23:06","modified_gmt":"2020-08-23T13:23:06","slug":"d_310","status":"publish","type":"post","link":"https:\/\/www.lesmaconsdelacreuse.fr\/annuaires\/lettre-t\/d_310\/","title":{"rendered":"THEVE Gabriel (1809\u20131859)"},"content":{"rendered":"<p class=\"last-updated\"><strong>Mis \u00e0 jour le :<\/strong> 27\/04\/2026<\/p><h2 style=\"text-align: center;\"><strong>Gabriel TH\u00c8VE<\/strong><\/h2>\n<p style=\"text-align: center;\"><strong>1809 \u2013 1859<\/strong><\/p>\n<p style=\"text-align: center;\"><img decoding=\"async\" title=\"\" src=\"https:\/\/lesmaconsdelacreuse.fr\/annuaire\/wp-content\/uploads\/2019\/07\/image1-4624.jpg\" alt=\"\" data-source-id=\"i.0\" data-asset-id=\"19510\" \/><\/p>\n<h4 style=\"text-align: center;\"><span style=\"color: #008000;\"><strong>ma\u00e7on<\/strong><\/span><\/h4>\n<p style=\"text-align: center;\">n\u00e9 \u00e0 Rieublanc (Morterolles)<\/p>\n<p style=\"text-align: center;\">le 18 octobre 1809<\/p>\n<p style=\"text-align: center;\">fils de<\/p>\n<p style=\"text-align: center;\">Jean TH\u00c8VE, <span style=\"color: #008000;\"><strong>ma\u00e7on <\/strong><\/span>\/ Marie QUEYROIX<\/p>\n<p style=\"text-align: center;\">propri\u00e9taires cultivateurs<\/p>\n<p style=\"text-align: center;\"><span style=\"color: #ffffff;\">\u25d9<\/span><\/p>\n<p><em>Gabriel \u00e9pouse Marie <\/em><strong>MANGON<\/strong><em> le 2 mars <\/em><strong>1835<\/strong> <em>\u00e0 Saint-Marc-\u00e0-Loubaud. Ils habitent le village de Rieublanc. <\/em><\/p>\n<p><strong>En 1837<\/strong><em>, Gabriel travaille dans le d\u00e9partement du <\/em><span style=\"color: #0000ff;\"><strong>Rh\u00f4ne<\/strong><em>.<\/em><\/span><\/p>\n<p><strong>En 1859<\/strong><em>, il travaille \u00e0 <\/em><span style=\"color: #0000ff;\"><strong>Lyon (69)<\/strong><\/span><em>, et loge 21, chemin du Pont d\u2019 Ala\u00ef.<\/em><\/p>\n<p><em>Le 19 ao\u00fbt de la m\u00eame ann\u00e9e, il d\u00e9c\u00e8de au 5e arrondissement, \u00e2g\u00e9 de 49 ans.<\/em><\/p>\n<p><em>Marie d\u00e9c\u00e8de le 13 ao\u00fbt <\/em>1876<em> \u00e0 Rieublanc, \u00e2g\u00e9e de 63 ans.<\/em><\/p>\n","protected":false},"excerpt":{"rendered":"<p>Mis \u00e0 jour le : 27\/04\/2026Gabriel TH\u00c8VE 1809 \u2013 1859 ma\u00e7on n\u00e9 \u00e0 Rieublanc (Morterolles) le 18 octobre 1809 fils de Jean TH\u00c8VE, ma\u00e7on \/ Marie QUEYROIX propri\u00e9taires cultivateurs \u25d9 Gabriel \u00e9pouse Marie MANGON le 2 mars 1835 \u00e0 Saint-Marc-\u00e0-Loubaud. Ils habitent le village de Rieublanc. En 1837, Gabriel travaille dans le d\u00e9partement du Rh\u00f4ne. ..<\/p>\n<div class=\"clear-fix\"><\/div>\n<p><a href=\"https:\/\/www.lesmaconsdelacreuse.fr\/annuaires\/lettre-t\/d_310\/\" title=\"Lire la suite...\">Lire la suite<\/a><\/p>\n","protected":false},"author":6,"featured_media":0,"comment_status":"closed","ping_status":"closed","sticky":false,"template":"","format":"standard","meta":{"_acf_changed":false,"_exactmetrics_skip_tracking":false,"_exactmetrics_sitenote_active":false,"_exactmetrics_sitenote_note":"","_exactmetrics_sitenote_category":0,"footnotes":""},"categories":[17,13],"tags":[],"class_list":["post-19513","post","type-post","status-publish","format-standard","hentry","category-lettre-d","category-lettre-t"],"acf":[],"_links":{"self":[{"href":"https:\/\/www.lesmaconsdelacreuse.fr\/annuaires\/wp-json\/wp\/v2\/posts\/19513","targetHints":{"allow":["GET"]}}],"collection":[{"href":"https:\/\/www.lesmaconsdelacreuse.fr\/annuaires\/wp-json\/wp\/v2\/posts"}],"about":[{"href":"https:\/\/www.lesmaconsdelacreuse.fr\/annuaires\/wp-json\/wp\/v2\/types\/post"}],"author":[{"embeddable":true,"href":"https:\/\/www.lesmaconsdelacreuse.fr\/annuaires\/wp-json\/wp\/v2\/users\/6"}],"replies":[{"embeddable":true,"href":"https:\/\/www.lesmaconsdelacreuse.fr\/annuaires\/wp-json\/wp\/v2\/comments?post=19513"}],"version-history":[{"count":0,"href":"https:\/\/www.lesmaconsdelacreuse.fr\/annuaires\/wp-json\/wp\/v2\/posts\/19513\/revisions"}],"wp:attachment":[{"href":"https:\/\/www.lesmaconsdelacreuse.fr\/annuaires\/wp-json\/wp\/v2\/media?parent=19513"}],"wp:term":[{"taxonomy":"category","embeddable":true,"href":"https:\/\/www.lesmaconsdelacreuse.fr\/annuaires\/wp-json\/wp\/v2\/categories?post=19513"},{"taxonomy":"post_tag","embeddable":true,"href":"https:\/\/www.lesmaconsdelacreuse.fr\/annuaires\/wp-json\/wp\/v2\/tags?post=19513"}],"curies":[{"name":"wp","href":"https:\/\/api.w.org\/{rel}","templated":true}]}}