{"id":19560,"date":"2019-07-28T19:34:06","date_gmt":"2019-07-28T17:34:06","guid":{"rendered":"http:\/\/lesmaconsdelacreuse.fr\/annuaire\/?p=19560"},"modified":"2022-03-23T17:15:15","modified_gmt":"2022-03-23T16:15:15","slug":"d_187","status":"publish","type":"post","link":"https:\/\/www.lesmaconsdelacreuse.fr\/annuaires\/lettre-m\/d_187\/","title":{"rendered":"MARGNE L\u00e9onard (1820\u2013apr\u00e8s 1939)"},"content":{"rendered":"<p class=\"last-updated\"><strong>Mis \u00e0 jour le :<\/strong> 29\/04\/2026<\/p><h2 style=\"text-align: center;\"><strong>L\u00e9onard MARGNE<\/strong><\/h2>\n<p style=\"text-align: center;\"><strong>1820 \u2013 apr\u00e8s 1939<\/strong><\/p>\n<p style=\"text-align: center;\"><img decoding=\"async\" title=\"\" src=\"https:\/\/lesmaconsdelacreuse.fr\/annuaire\/wp-content\/uploads\/2019\/07\/image1-4642.jpg\" alt=\"\" data-source-id=\"i.0\" data-asset-id=\"19559\" \/><\/p>\n<h4 style=\"text-align: center;\"><span style=\"color: #008000;\"><strong>ma\u00e7on <\/strong>puis<strong> jardinier<\/strong><\/span><\/h4>\n<p style=\"text-align: center;\">n\u00e9 au Montarichard (Saint-Dizier-Leyrenne)<\/p>\n<p style=\"text-align: center;\">le 4 mars 1820<\/p>\n<p style=\"text-align: center;\">fils de<\/p>\n<p style=\"text-align: center;\">L\u00e9onard MARGNE \/ Th\u00e9r\u00e8se MOUGNAUD<\/p>\n<p style=\"text-align: center;\">cultivateurs<\/p>\n<p style=\"text-align: center;\"><span style=\"color: #ffffff;\">\u25d9<\/span><\/p>\n<p><em>L\u00e9onard \u00e9pouse Jeanne <\/em><strong>RANDONNET<\/strong><em> le 8 novembre <\/em><strong>1842<\/strong><em> \u00e0 Saint-Dizier-Leyrenne. <\/em><\/p>\n<p><em>Elle d\u00e9c\u00e8de \u00e0 Villatange, commune de Janaillat, le 13 mars <\/em><strong>1849<\/strong><em>, \u00e2g\u00e9e de 22 ans. <\/em><\/p>\n<p><em>L\u00e9onard se remarie \u00e0 Roy\u00e8re avec Jeanne <\/em><strong>LAIN\u00c9<\/strong><em> le 2 juillet de la m\u00eame ann\u00e9e. Ils vivent d\u2019abord \u00e0 Roy\u00e8re.<\/em><\/p>\n<p><em>Ils habitent <\/em><span style=\"color: #0000ff;\"><strong>Paris (75)<\/strong><\/span><em> d\u00e8s 1857.<\/em><\/p>\n<p><strong>En 1866<\/strong><em>, ils sont toujours \u00e0 Paris<\/em><em>\u00a0mais vivent s\u00e9par\u00e9ment\u00a0: lui, 2, rue des Boulangers, et elle, couturi\u00e8re, 4, rue Saint-Julien le Pauvre, les deux dans le 5e arrondissement.<\/em><\/p>\n<p><strong>En 1921<\/strong><em>, L\u00e9onard est \u00e0 <\/em><span style=\"color: #0000ff;\"><strong>Juvisy (91)<\/strong><\/span><em>. <\/em><\/p>\n","protected":false},"excerpt":{"rendered":"<p>Mis \u00e0 jour le : 29\/04\/2026L\u00e9onard MARGNE 1820 \u2013 apr\u00e8s 1939 ma\u00e7on puis jardinier n\u00e9 au Montarichard (Saint-Dizier-Leyrenne) le 4 mars 1820 fils de L\u00e9onard MARGNE \/ Th\u00e9r\u00e8se MOUGNAUD cultivateurs \u25d9 L\u00e9onard \u00e9pouse Jeanne RANDONNET le 8 novembre 1842 \u00e0 Saint-Dizier-Leyrenne. Elle d\u00e9c\u00e8de \u00e0 Villatange, commune de Janaillat, le 13 mars 1849, \u00e2g\u00e9e de 22 ..<\/p>\n<div class=\"clear-fix\"><\/div>\n<p><a href=\"https:\/\/www.lesmaconsdelacreuse.fr\/annuaires\/lettre-m\/d_187\/\" title=\"Lire la suite...\">Lire la suite<\/a><\/p>\n","protected":false},"author":6,"featured_media":0,"comment_status":"closed","ping_status":"closed","sticky":false,"template":"","format":"standard","meta":{"_acf_changed":false,"_exactmetrics_skip_tracking":false,"_exactmetrics_sitenote_active":false,"_exactmetrics_sitenote_note":"","_exactmetrics_sitenote_category":0,"footnotes":""},"categories":[17,14],"tags":[],"class_list":["post-19560","post","type-post","status-publish","format-standard","hentry","category-lettre-d","category-lettre-m"],"acf":[],"_links":{"self":[{"href":"https:\/\/www.lesmaconsdelacreuse.fr\/annuaires\/wp-json\/wp\/v2\/posts\/19560","targetHints":{"allow":["GET"]}}],"collection":[{"href":"https:\/\/www.lesmaconsdelacreuse.fr\/annuaires\/wp-json\/wp\/v2\/posts"}],"about":[{"href":"https:\/\/www.lesmaconsdelacreuse.fr\/annuaires\/wp-json\/wp\/v2\/types\/post"}],"author":[{"embeddable":true,"href":"https:\/\/www.lesmaconsdelacreuse.fr\/annuaires\/wp-json\/wp\/v2\/users\/6"}],"replies":[{"embeddable":true,"href":"https:\/\/www.lesmaconsdelacreuse.fr\/annuaires\/wp-json\/wp\/v2\/comments?post=19560"}],"version-history":[{"count":2,"href":"https:\/\/www.lesmaconsdelacreuse.fr\/annuaires\/wp-json\/wp\/v2\/posts\/19560\/revisions"}],"predecessor-version":[{"id":196373,"href":"https:\/\/www.lesmaconsdelacreuse.fr\/annuaires\/wp-json\/wp\/v2\/posts\/19560\/revisions\/196373"}],"wp:attachment":[{"href":"https:\/\/www.lesmaconsdelacreuse.fr\/annuaires\/wp-json\/wp\/v2\/media?parent=19560"}],"wp:term":[{"taxonomy":"category","embeddable":true,"href":"https:\/\/www.lesmaconsdelacreuse.fr\/annuaires\/wp-json\/wp\/v2\/categories?post=19560"},{"taxonomy":"post_tag","embeddable":true,"href":"https:\/\/www.lesmaconsdelacreuse.fr\/annuaires\/wp-json\/wp\/v2\/tags?post=19560"}],"curies":[{"name":"wp","href":"https:\/\/api.w.org\/{rel}","templated":true}]}}