{"id":19588,"date":"2019-07-28T19:34:04","date_gmt":"2019-07-28T17:34:04","guid":{"rendered":"http:\/\/lesmaconsdelacreuse.fr\/annuaire\/?p=19588"},"modified":"2020-01-20T11:15:41","modified_gmt":"2020-01-20T10:15:41","slug":"d_197","status":"publish","type":"post","link":"https:\/\/www.lesmaconsdelacreuse.fr\/annuaires\/lettre-m\/d_197\/","title":{"rendered":"MARGNOT Pierre (d\u00e9c\u00e9d\u00e9 apr\u00e8s 1754)"},"content":{"rendered":"<p class=\"last-updated\"><strong>Mis \u00e0 jour le :<\/strong> 29\/04\/2026<\/p><h2 style=\"text-align: center;\"><strong>Pierre MARGNOT<\/strong><\/h2>\n<p style=\"text-align: center;\"><strong>d\u00e9c\u00e9d\u00e9 apr\u00e8s 1754<\/strong><\/p>\n<p style=\"text-align: center;\"><img decoding=\"async\" title=\"\" src=\"https:\/\/lesmaconsdelacreuse.fr\/annuaire\/wp-content\/uploads\/2019\/07\/image1-4653.jpg\" alt=\"\" data-source-id=\"i.0\" data-asset-id=\"19587\" \/><\/p>\n<h4 style=\"text-align: center;\"><span style=\"color: #008000;\"><strong>ma\u00e7on <\/strong>et <strong>laboureur<\/strong><\/span><\/h4>\n<p style=\"text-align: center;\">n\u00e9 \u00e0 Lachaud (Le Monteil-au-Vicomte)\u00a0?<\/p>\n<p style=\"text-align: center;\">fils de<\/p>\n<p style=\"text-align: center;\">Jean MARGNOT, <span style=\"color: #008000;\"><strong>ma\u00e7on <\/strong><\/span>\/ Antoinette CHAMPESME<\/p>\n<p style=\"text-align: center;\">laboureurs<\/p>\n<p style=\"text-align: center;\"><span style=\"color: #ffffff;\">\u25d9<\/span><\/p>\n<p><em>Pierre \u00e9pouse Marie <\/em><strong>LAGRANGE<\/strong><em> le 26 f\u00e9vrier <\/em><strong>1726<\/strong><em> \u00e0 Saint-Pierre-le-Bost (contrat Darfeuille \u00e0 Ch\u00e2tain).<\/em><\/p>\n<p><em>Ils habitent Aurioux, paroisse de Saint-Pierre.<\/em><\/p>\n<p><em> Marie y d\u00e9c\u00e8de le 1er octobre <\/em><strong>1779<\/strong><em>, \u00e2g\u00e9e de 92 ans environ.<\/em><\/p>\n","protected":false},"excerpt":{"rendered":"<p>Mis \u00e0 jour le : 29\/04\/2026Pierre MARGNOT d\u00e9c\u00e9d\u00e9 apr\u00e8s 1754 ma\u00e7on et laboureur n\u00e9 \u00e0 Lachaud (Le Monteil-au-Vicomte)\u00a0? fils de Jean MARGNOT, ma\u00e7on \/ Antoinette CHAMPESME laboureurs \u25d9 Pierre \u00e9pouse Marie LAGRANGE le 26 f\u00e9vrier 1726 \u00e0 Saint-Pierre-le-Bost (contrat Darfeuille \u00e0 Ch\u00e2tain). Ils habitent Aurioux, paroisse de Saint-Pierre. Marie y d\u00e9c\u00e8de le 1er octobre 1779, ..<\/p>\n<div class=\"clear-fix\"><\/div>\n<p><a href=\"https:\/\/www.lesmaconsdelacreuse.fr\/annuaires\/lettre-m\/d_197\/\" title=\"Lire la suite...\">Lire la suite<\/a><\/p>\n","protected":false},"author":6,"featured_media":0,"comment_status":"closed","ping_status":"closed","sticky":false,"template":"","format":"standard","meta":{"_acf_changed":false,"_exactmetrics_skip_tracking":false,"_exactmetrics_sitenote_active":false,"_exactmetrics_sitenote_note":"","_exactmetrics_sitenote_category":0,"footnotes":""},"categories":[17,14],"tags":[],"class_list":["post-19588","post","type-post","status-publish","format-standard","hentry","category-lettre-d","category-lettre-m"],"acf":[],"_links":{"self":[{"href":"https:\/\/www.lesmaconsdelacreuse.fr\/annuaires\/wp-json\/wp\/v2\/posts\/19588","targetHints":{"allow":["GET"]}}],"collection":[{"href":"https:\/\/www.lesmaconsdelacreuse.fr\/annuaires\/wp-json\/wp\/v2\/posts"}],"about":[{"href":"https:\/\/www.lesmaconsdelacreuse.fr\/annuaires\/wp-json\/wp\/v2\/types\/post"}],"author":[{"embeddable":true,"href":"https:\/\/www.lesmaconsdelacreuse.fr\/annuaires\/wp-json\/wp\/v2\/users\/6"}],"replies":[{"embeddable":true,"href":"https:\/\/www.lesmaconsdelacreuse.fr\/annuaires\/wp-json\/wp\/v2\/comments?post=19588"}],"version-history":[{"count":0,"href":"https:\/\/www.lesmaconsdelacreuse.fr\/annuaires\/wp-json\/wp\/v2\/posts\/19588\/revisions"}],"wp:attachment":[{"href":"https:\/\/www.lesmaconsdelacreuse.fr\/annuaires\/wp-json\/wp\/v2\/media?parent=19588"}],"wp:term":[{"taxonomy":"category","embeddable":true,"href":"https:\/\/www.lesmaconsdelacreuse.fr\/annuaires\/wp-json\/wp\/v2\/categories?post=19588"},{"taxonomy":"post_tag","embeddable":true,"href":"https:\/\/www.lesmaconsdelacreuse.fr\/annuaires\/wp-json\/wp\/v2\/tags?post=19588"}],"curies":[{"name":"wp","href":"https:\/\/api.w.org\/{rel}","templated":true}]}}