{"id":19617,"date":"2019-07-28T19:33:42","date_gmt":"2019-07-28T17:33:42","guid":{"rendered":"http:\/\/lesmaconsdelacreuse.fr\/annuaire\/?p=19617"},"modified":"2023-01-04T13:34:03","modified_gmt":"2023-01-04T12:34:03","slug":"d_193","status":"publish","type":"post","link":"https:\/\/www.lesmaconsdelacreuse.fr\/annuaires\/lettre-m\/d_193\/","title":{"rendered":"MARGNOT Michel (1687-1759)"},"content":{"rendered":"<p class=\"last-updated\"><strong>Mis \u00e0 jour le :<\/strong> 29\/04\/2026<\/p><h2 style=\"text-align: center;\"><strong>Michel MARGNOT<\/strong><\/h2>\n<p style=\"text-align: center;\"><strong>1687 &#8211; 1759<\/strong><\/p>\n<p style=\"text-align: center;\"><a href=\"https:\/\/www.lesmaconsdelacreuse.fr\/annuaires\/wp-content\/uploads\/2020\/07\/ne-sait-pas-signer.jpg\"><img loading=\"lazy\" decoding=\"async\" class=\"alignnone size-full wp-image-174596\" src=\"https:\/\/www.lesmaconsdelacreuse.fr\/annuaires\/wp-content\/uploads\/2020\/07\/ne-sait-pas-signer.jpg\" alt=\"\" width=\"156\" height=\"31\" srcset=\"https:\/\/www.lesmaconsdelacreuse.fr\/annuaires\/wp-content\/uploads\/2020\/07\/ne-sait-pas-signer.jpg 156w, https:\/\/www.lesmaconsdelacreuse.fr\/annuaires\/wp-content\/uploads\/2020\/07\/ne-sait-pas-signer-150x30.jpg 150w\" sizes=\"auto, (max-width: 156px) 100vw, 156px\" \/><\/a><\/p>\n<p>&nbsp;<\/p>\n<h4 style=\"text-align: center;\"><span style=\"color: #008000;\"><strong>ma\u00e7on<\/strong>,<br \/>\n<strong>\u25ba<\/strong><strong><a style=\"color: #008000;\" href=\"https:\/\/www.lesmaconsdelacreuse.fr\/annuaires\/wp-content\/uploads\/2020\/08\/CHARPENTIER.png\" target=\"_blank\" rel=\"noopener noreferrer\"><span style=\"color: #008000;\">ma\u00eetre charpentier<\/span><\/a><\/strong>, <a href=\"https:\/\/www.lesmaconsdelacreuse.fr\/annuaires\/wp-content\/uploads\/2020\/08\/COUVREUR-RECOUVREUR.png\" target=\"_blank\" rel=\"noopener noreferrer\"><strong>\u25ba<span style=\"color: #008000;\">couvreur<\/span><\/strong><\/a><strong><br \/>\n<\/strong> et <strong>laboureur<\/strong><\/span><\/h4>\n<p style=\"text-align: center;\">n\u00e9 \u00e0 Lachaud (Le Monteil-au-Vicomte)<\/p>\n<p style=\"text-align: center;\">le 30 ao\u00fbt 1687r<\/p>\n<p style=\"text-align: center;\">fils de<\/p>\n<p style=\"text-align: center;\">L\u00e9onard MARGNOT, <span style=\"color: #008000;\"><strong>ma\u00e7on<\/strong><\/span><\/p>\n<p style=\"text-align: center;\">Antoinette CHAMPESME<\/p>\n<p style=\"text-align: center;\">laboureurs<\/p>\n<p style=\"text-align: center;\"><span style=\"color: #ffffff;\">\u25d9<\/span><\/p>\n<p><em>Michel \u00e9pouse Anne <\/em><strong>LAFFINAT<\/strong><em> le 25 f\u00e9vrier <\/em><strong>1710<\/strong> <em>au Monteil. Ils habitent La Vergne, m\u00eame paroisse.<\/em><\/p>\n<p><strong>\u25ba<a href=\"https:\/\/www.lesmaconsdelacreuse.fr\/annuaires\/\/wp-content\/uploads\/DOCUMENTS\/1732_-_Prix_fait_LEROUDIER_MARGNOT.pdf\" target=\"_blank\" rel=\"noopener noreferrer\"><span style=\"color: #ff00ff;\">En 1732<\/span><\/a><\/strong><em>, Michel est charg\u00e9 par Michel LEROUDIER, ma\u00e7on, de faire la charpente et la couverture en paille d\u2019une grange et \u00e9table que lui-m\u00eame va construire \u00e0 La Villatte, paroisse de Saint-Pierre-le-Bost.<\/em><\/p>\n<p><strong>\u25ba<span style=\"color: #ff00ff;\"><a style=\"color: #ff00ff;\" href=\"https:\/\/www.lesmaconsdelacreuse.fr\/annuaires\/\/wp-content\/uploads\/DOCUMENTS\/1735_-_Michel_MARGNOT_couvre_une_grange.pdf\" target=\"_blank\" rel=\"noopener noreferrer\">En 1735<\/a><\/span><\/strong><em>, il est pay\u00e9 44 livres par Jean BRISSON, ma\u00e7on de La Villatte, pour couverture d\u2019une grange et fourniture de paille.<\/em><\/p>\n<p><em>Anne d\u00e9c\u00e8de \u00e0 La Vergne le 10 septembre <\/em>1736<em>, \u00e2g\u00e9e de 49 ans.<\/em><\/p>\n<p><strong>\u25ba<a href=\"https:\/\/www.lesmaconsdelacreuse.fr\/annuaires\/\/wp-content\/uploads\/DOCUMENTS\/1738_-_Prix_fait_a_Michel_MARGNOT.pdf\" target=\"_blank\" rel=\"noopener noreferrer\"><span style=\"color: #ff00ff;\">En 1738<\/span><\/a><\/strong><em>, Michel effectue des travaux pour Pierre COURBARIOUX du Monteil.<\/em><\/p>\n<p><em>\u25ba<span style=\"color: #ff00ff;\"><a style=\"color: #ff00ff;\" href=\"https:\/\/www.lesmaconsdelacreuse.fr\/annuaires\/\/wp-content\/uploads\/DOCUMENTS\/1738-1739_-_Prix_fait_a_Michel_MARGNOT_et_Philippe_MARGERIDON.pdf\" target=\"_blank\" rel=\"noopener noreferrer\">La m\u00eame ann\u00e9e<\/a><\/span><a href=\"https:\/\/www.lesmaconsdelacreuse.fr\/annuaires\/\/wp-content\/uploads\/DOCUMENTS\/1738-1739_-_Prix_fait_a_Michel_MARGNOT_et_Philippe_MARGERIDON.pdf\" target=\"_blank\" rel=\"noopener noreferrer\">,<\/a> il est engag\u00e9 avec Philippe MARGERIDON par L\u00e9onard CHAMPESME.<\/em><\/p>\n<p><em>Cette ann\u00e9e-l\u00e0, il se remarie avec Fran\u00e7oise <\/em><strong>JAMMETON <\/strong><em>(contrat Delavergne au Monteil-au-Vicomte). Ils habitent aussi La Vergne.<\/em><\/p>\n<p><strong>\u25ba<a href=\"https:\/\/www.lesmaconsdelacreuse.fr\/annuaires\/\/wp-content\/uploads\/DOCUMENTS\/1751_-_Michel_MARGNOT_-_Proces-verbal_de_reperations.pdf\" target=\"_blank\" rel=\"noopener noreferrer\"><span style=\"color: #ff00ff;\">En 1751<\/span><\/a><\/strong><em>, Michel est pressenti par Fran\u00e7ois DELOUIS pour \u00e9tablir un proc\u00e8s-verbal des r\u00e9parations \u00e0 faire aux b\u00e2timents appartenant \u00e0 ses pupilles, situ\u00e9s au Chiroux, paroisse de Saint-Pierre-le-Bost.<\/em><\/p>\n<p><em>Les \u00e9poux d\u00e9c\u00e8dent \u00e0 La Vergne\u00a0:<\/em><\/p>\n<ul>\n<li><em>Michel, le 4 d\u00e9cembre <\/em><strong>1759<\/strong><em>, \u00e2g\u00e9 de 72 ans<\/em><\/li>\n<li><em>Fran\u00e7oise, le 29 septembre <\/em><strong>1760<\/strong>,<em> \u00e2g\u00e9e de 70 ans environ<\/em><\/li>\n<\/ul>\n<p>S17<\/p>\n<p>&nbsp;<\/p>\n","protected":false},"excerpt":{"rendered":"<p>Mis \u00e0 jour le : 29\/04\/2026Michel MARGNOT 1687 &#8211; 1759 &nbsp; ma\u00e7on, \u25bama\u00eetre charpentier, \u25bacouvreur et laboureur n\u00e9 \u00e0 Lachaud (Le Monteil-au-Vicomte) le 30 ao\u00fbt 1687r fils de L\u00e9onard MARGNOT, ma\u00e7on Antoinette CHAMPESME laboureurs \u25d9 Michel \u00e9pouse Anne LAFFINAT le 25 f\u00e9vrier 1710 au Monteil. Ils habitent La Vergne, m\u00eame paroisse. \u25baEn 1732, Michel est ..<\/p>\n<div class=\"clear-fix\"><\/div>\n<p><a href=\"https:\/\/www.lesmaconsdelacreuse.fr\/annuaires\/lettre-m\/d_193\/\" title=\"Lire la suite...\">Lire la suite<\/a><\/p>\n","protected":false},"author":6,"featured_media":0,"comment_status":"closed","ping_status":"closed","sticky":false,"template":"","format":"standard","meta":{"_acf_changed":false,"_exactmetrics_skip_tracking":false,"_exactmetrics_sitenote_active":false,"_exactmetrics_sitenote_note":"","_exactmetrics_sitenote_category":0,"footnotes":""},"categories":[17,14],"tags":[],"class_list":["post-19617","post","type-post","status-publish","format-standard","hentry","category-lettre-d","category-lettre-m"],"acf":[],"_links":{"self":[{"href":"https:\/\/www.lesmaconsdelacreuse.fr\/annuaires\/wp-json\/wp\/v2\/posts\/19617","targetHints":{"allow":["GET"]}}],"collection":[{"href":"https:\/\/www.lesmaconsdelacreuse.fr\/annuaires\/wp-json\/wp\/v2\/posts"}],"about":[{"href":"https:\/\/www.lesmaconsdelacreuse.fr\/annuaires\/wp-json\/wp\/v2\/types\/post"}],"author":[{"embeddable":true,"href":"https:\/\/www.lesmaconsdelacreuse.fr\/annuaires\/wp-json\/wp\/v2\/users\/6"}],"replies":[{"embeddable":true,"href":"https:\/\/www.lesmaconsdelacreuse.fr\/annuaires\/wp-json\/wp\/v2\/comments?post=19617"}],"version-history":[{"count":1,"href":"https:\/\/www.lesmaconsdelacreuse.fr\/annuaires\/wp-json\/wp\/v2\/posts\/19617\/revisions"}],"predecessor-version":[{"id":203778,"href":"https:\/\/www.lesmaconsdelacreuse.fr\/annuaires\/wp-json\/wp\/v2\/posts\/19617\/revisions\/203778"}],"wp:attachment":[{"href":"https:\/\/www.lesmaconsdelacreuse.fr\/annuaires\/wp-json\/wp\/v2\/media?parent=19617"}],"wp:term":[{"taxonomy":"category","embeddable":true,"href":"https:\/\/www.lesmaconsdelacreuse.fr\/annuaires\/wp-json\/wp\/v2\/categories?post=19617"},{"taxonomy":"post_tag","embeddable":true,"href":"https:\/\/www.lesmaconsdelacreuse.fr\/annuaires\/wp-json\/wp\/v2\/tags?post=19617"}],"curies":[{"name":"wp","href":"https:\/\/api.w.org\/{rel}","templated":true}]}}