{"id":19638,"date":"2019-07-28T19:33:41","date_gmt":"2019-07-28T17:33:41","guid":{"rendered":"http:\/\/lesmaconsdelacreuse.fr\/annuaire\/?p=19638"},"modified":"2023-01-04T09:19:07","modified_gmt":"2023-01-04T08:19:07","slug":"d_184","status":"publish","type":"post","link":"https:\/\/www.lesmaconsdelacreuse.fr\/annuaires\/lettre-m\/d_184\/","title":{"rendered":"MARGNOT L\u00e9onard (1678-apr\u00e8s 1738)"},"content":{"rendered":"<p class=\"last-updated\"><strong>Mis \u00e0 jour le :<\/strong> 29\/04\/2026<\/p><h2 style=\"text-align: center;\"><strong>L\u00e9onard MARGNOT<\/strong><\/h2>\n<p style=\"text-align: center;\"><strong>L\u00e9onard MARGNOT l\u2019a\u00een\u00e9<\/strong><\/p>\n<p style=\"text-align: center;\"><strong>1678 &#8211; apr\u00e8s 1738<\/strong><\/p>\n<p style=\"text-align: center;\"><img decoding=\"async\" title=\"\" src=\"https:\/\/lesmaconsdelacreuse.fr\/annuaire\/wp-content\/uploads\/2019\/07\/image1-4673.jpg\" alt=\"\" data-source-id=\"i.0\" data-asset-id=\"19635\" \/><\/p>\n<h4 style=\"text-align: center;\"><span style=\"color: #008000;\"><strong>ma\u00e7on<\/strong><\/span><\/h4>\n<p style=\"text-align: center;\">n\u00e9 \u00e0 Lachaud (Le Monteil-au-Vicomte)<\/p>\n<p style=\"text-align: center;\">le 29 octobre 1678<\/p>\n<p style=\"text-align: center;\">fils de<\/p>\n<p style=\"text-align: center;\">Pierre MARGNOT, <span style=\"color: #008000;\"><strong>ma\u00e7on <\/strong><\/span>\/ Fran\u00e7oise GUYOT<\/p>\n<p style=\"text-align: center;\"><span style=\"color: #ffffff;\">\u25d9<\/span><\/p>\n<p><strong>\u25ba<span style=\"color: #ff00ff;\"><a style=\"color: #ff00ff;\" href=\"https:\/\/www.lesmaconsdelacreuse.fr\/annuaires\/\/wp-content\/uploads\/DOCUMENTS\/1738_-_Societe_et_frereche_des_freres_MARGNOT.pdf\" target=\"_blank\" rel=\"noopener noreferrer\">En 1738<\/a><\/span><\/strong><em>, L\u00e9onard travaille \u00e0 <\/em><span style=\"color: #0000ff;\"><strong>Lyon (69)<\/strong><\/span><em>, et loge rue de la P\u00eacherie, paroisse de Notre-Dame de la Plati\u00e8re. <\/em><\/p>\n<p><em>Il se met en soci\u00e9t\u00e9 et\u00a0<\/em><em><strong>\u25ba<\/strong> <a href=\"https:\/\/www.lesmaconsdelacreuse.fr\/annuaires\/wp-content\/uploads\/2019\/08\/FRER\u00c8CHE.png\" target=\"_blank\" rel=\"noopener noreferrer\">frer\u00e8che<\/a><\/em> <em>avec son fr\u00e8re Pierre.<\/em><\/p>\n<p>S17<\/p>\n<p>&nbsp;<\/p>\n","protected":false},"excerpt":{"rendered":"<p>Mis \u00e0 jour le : 29\/04\/2026L\u00e9onard MARGNOT L\u00e9onard MARGNOT l\u2019a\u00een\u00e9 1678 &#8211; apr\u00e8s 1738 ma\u00e7on n\u00e9 \u00e0 Lachaud (Le Monteil-au-Vicomte) le 29 octobre 1678 fils de Pierre MARGNOT, ma\u00e7on \/ Fran\u00e7oise GUYOT \u25d9 \u25baEn 1738, L\u00e9onard travaille \u00e0 Lyon (69), et loge rue de la P\u00eacherie, paroisse de Notre-Dame de la Plati\u00e8re. Il se met ..<\/p>\n<div class=\"clear-fix\"><\/div>\n<p><a href=\"https:\/\/www.lesmaconsdelacreuse.fr\/annuaires\/lettre-m\/d_184\/\" title=\"Lire la suite...\">Lire la suite<\/a><\/p>\n","protected":false},"author":6,"featured_media":0,"comment_status":"closed","ping_status":"closed","sticky":false,"template":"","format":"standard","meta":{"_acf_changed":false,"_exactmetrics_skip_tracking":false,"_exactmetrics_sitenote_active":false,"_exactmetrics_sitenote_note":"","_exactmetrics_sitenote_category":0,"footnotes":""},"categories":[17,14],"tags":[],"class_list":["post-19638","post","type-post","status-publish","format-standard","hentry","category-lettre-d","category-lettre-m"],"acf":[],"_links":{"self":[{"href":"https:\/\/www.lesmaconsdelacreuse.fr\/annuaires\/wp-json\/wp\/v2\/posts\/19638","targetHints":{"allow":["GET"]}}],"collection":[{"href":"https:\/\/www.lesmaconsdelacreuse.fr\/annuaires\/wp-json\/wp\/v2\/posts"}],"about":[{"href":"https:\/\/www.lesmaconsdelacreuse.fr\/annuaires\/wp-json\/wp\/v2\/types\/post"}],"author":[{"embeddable":true,"href":"https:\/\/www.lesmaconsdelacreuse.fr\/annuaires\/wp-json\/wp\/v2\/users\/6"}],"replies":[{"embeddable":true,"href":"https:\/\/www.lesmaconsdelacreuse.fr\/annuaires\/wp-json\/wp\/v2\/comments?post=19638"}],"version-history":[{"count":1,"href":"https:\/\/www.lesmaconsdelacreuse.fr\/annuaires\/wp-json\/wp\/v2\/posts\/19638\/revisions"}],"predecessor-version":[{"id":203687,"href":"https:\/\/www.lesmaconsdelacreuse.fr\/annuaires\/wp-json\/wp\/v2\/posts\/19638\/revisions\/203687"}],"wp:attachment":[{"href":"https:\/\/www.lesmaconsdelacreuse.fr\/annuaires\/wp-json\/wp\/v2\/media?parent=19638"}],"wp:term":[{"taxonomy":"category","embeddable":true,"href":"https:\/\/www.lesmaconsdelacreuse.fr\/annuaires\/wp-json\/wp\/v2\/categories?post=19638"},{"taxonomy":"post_tag","embeddable":true,"href":"https:\/\/www.lesmaconsdelacreuse.fr\/annuaires\/wp-json\/wp\/v2\/tags?post=19638"}],"curies":[{"name":"wp","href":"https:\/\/api.w.org\/{rel}","templated":true}]}}