{"id":196388,"date":"2022-03-24T15:30:36","date_gmt":"2022-03-24T14:30:36","guid":{"rendered":"https:\/\/www.lesmaconsdelacreuse.fr\/annuaires\/?p=196388"},"modified":"2022-06-01T10:49:28","modified_gmt":"2022-06-01T08:49:28","slug":"theve-florentin-1892-apres-1946","status":"publish","type":"post","link":"https:\/\/www.lesmaconsdelacreuse.fr\/annuaires\/non-classe\/theve-florentin-1892-apres-1946\/","title":{"rendered":"TH\u00c8VE Florentin (1892-apr\u00e8s 1946)"},"content":{"rendered":"<p class=\"last-updated\"><strong>Mis \u00e0 jour le :<\/strong> 27\/04\/2026<\/p><h2 style=\"text-align: center;\">Florentin TH\u00c8VE<\/h2>\n<p style=\"text-align: center;\"><strong>1892 &#8211; apr\u00e8s 1946<\/strong><\/p>\n<h4 style=\"text-align: center;\"><span style=\"color: #008000;\"><strong>tailleur de pierre, ma\u00e7on et pl\u00e2trier<\/strong><\/span><\/h4>\n<p style=\"text-align: center;\">n\u00e9 \u00e0 Saint-Pardoux-Lavaud<\/p>\n<p style=\"text-align: center;\">le 12 d\u00e9cembre 1892<\/p>\n<p style=\"text-align: center;\">fils de Gabriel FLORENTIN, <span style=\"color: #008000;\"><strong>ma\u00e7on<\/strong><\/span>, et Eug\u00e9nie B\u00c9NASSY<\/p>\n<p>&nbsp;<\/p>\n<p><strong>En 1912<\/strong><em>, il est domicili\u00e9 \u00e0 Soubrebost avec ses parents.<\/em><\/p>\n<p><strong>\u00a0En 1920<\/strong><em>, il travaille \u00e0 <\/em><span style=\"color: #0000ff;\"><strong>Verdun (55)<\/strong><\/span><em>, logeant 1, rue de La Rivi\u00e8re\u00a0;<\/em><\/p>\n<p><strong>\u00a0en 1921<\/strong><em>, \u00e0 <\/em><span style=\"color: #0000ff;\"><strong>Reims (51)<\/strong><\/span><em>, 44, rue de L\u2019An Douze\u00a0;<\/em><\/p>\n<p><em>\u00a0<\/em><strong>en 1922<\/strong><em>, toujours \u00e0 Reims, 61, rue Landouzy\u00a0; puis 16, rue Plumet Folliard\u00a0;<\/em><\/p>\n<p><strong>\u00a0en 1923<\/strong><em>, encore \u00e0 Reims, 19, rue de Savoye\u00a0;<\/em><\/p>\n<p><em>\u00a0<\/em><strong>en 1927<\/strong><em>, \u00e0 <\/em><span style=\"color: #0000ff;\"><strong>Paris (75)<\/strong><\/span><em> 128, rue de Belleville, 20<sup>e<\/sup> arrondissement.<\/em><\/p>\n<p>&nbsp;<\/p>\n<p>&nbsp;<\/p>\n","protected":false},"excerpt":{"rendered":"<p>Mis \u00e0 jour le : 27\/04\/2026Florentin TH\u00c8VE 1892 &#8211; apr\u00e8s 1946 tailleur de pierre, ma\u00e7on et pl\u00e2trier n\u00e9 \u00e0 Saint-Pardoux-Lavaud le 12 d\u00e9cembre 1892 fils de Gabriel FLORENTIN, ma\u00e7on, et Eug\u00e9nie B\u00c9NASSY &nbsp; En 1912, il est domicili\u00e9 \u00e0 Soubrebost avec ses parents. \u00a0En 1920, il travaille \u00e0 Verdun (55), logeant 1, rue de La ..<\/p>\n<div class=\"clear-fix\"><\/div>\n<p><a href=\"https:\/\/www.lesmaconsdelacreuse.fr\/annuaires\/non-classe\/theve-florentin-1892-apres-1946\/\" title=\"Lire la suite...\">Lire la suite<\/a><\/p>\n","protected":false},"author":6,"featured_media":0,"comment_status":"closed","ping_status":"closed","sticky":false,"template":"","format":"standard","meta":{"_acf_changed":false,"_exactmetrics_skip_tracking":false,"_exactmetrics_sitenote_active":false,"_exactmetrics_sitenote_note":"","_exactmetrics_sitenote_category":0,"footnotes":""},"categories":[13],"tags":[],"class_list":["post-196388","post","type-post","status-publish","format-standard","hentry","category-lettre-t"],"acf":[],"_links":{"self":[{"href":"https:\/\/www.lesmaconsdelacreuse.fr\/annuaires\/wp-json\/wp\/v2\/posts\/196388","targetHints":{"allow":["GET"]}}],"collection":[{"href":"https:\/\/www.lesmaconsdelacreuse.fr\/annuaires\/wp-json\/wp\/v2\/posts"}],"about":[{"href":"https:\/\/www.lesmaconsdelacreuse.fr\/annuaires\/wp-json\/wp\/v2\/types\/post"}],"author":[{"embeddable":true,"href":"https:\/\/www.lesmaconsdelacreuse.fr\/annuaires\/wp-json\/wp\/v2\/users\/6"}],"replies":[{"embeddable":true,"href":"https:\/\/www.lesmaconsdelacreuse.fr\/annuaires\/wp-json\/wp\/v2\/comments?post=196388"}],"version-history":[{"count":1,"href":"https:\/\/www.lesmaconsdelacreuse.fr\/annuaires\/wp-json\/wp\/v2\/posts\/196388\/revisions"}],"predecessor-version":[{"id":196389,"href":"https:\/\/www.lesmaconsdelacreuse.fr\/annuaires\/wp-json\/wp\/v2\/posts\/196388\/revisions\/196389"}],"wp:attachment":[{"href":"https:\/\/www.lesmaconsdelacreuse.fr\/annuaires\/wp-json\/wp\/v2\/media?parent=196388"}],"wp:term":[{"taxonomy":"category","embeddable":true,"href":"https:\/\/www.lesmaconsdelacreuse.fr\/annuaires\/wp-json\/wp\/v2\/categories?post=196388"},{"taxonomy":"post_tag","embeddable":true,"href":"https:\/\/www.lesmaconsdelacreuse.fr\/annuaires\/wp-json\/wp\/v2\/tags?post=196388"}],"curies":[{"name":"wp","href":"https:\/\/api.w.org\/{rel}","templated":true}]}}