{"id":196391,"date":"2022-03-24T15:45:38","date_gmt":"2022-03-24T14:45:38","guid":{"rendered":"https:\/\/www.lesmaconsdelacreuse.fr\/annuaires\/?p=196391"},"modified":"2022-06-01T10:49:16","modified_gmt":"2022-06-01T08:49:16","slug":"theve-jean-1881-apres-1927","status":"publish","type":"post","link":"https:\/\/www.lesmaconsdelacreuse.fr\/annuaires\/non-classe\/theve-jean-1881-apres-1927\/","title":{"rendered":"TH\u00c8VE Jean (1881-apr\u00e8s 1927)"},"content":{"rendered":"<p class=\"last-updated\"><strong>Mis \u00e0 jour le :<\/strong> 27\/04\/2026<\/p><h2 style=\"text-align: center;\">Jean TH\u00c8VE<\/h2>\n<p style=\"text-align: center;\"><strong>1881 &#8211; apr\u00e8s 1927<\/strong><\/p>\n<h4 style=\"text-align: center;\"><span style=\"color: #008000;\">ma\u00e7on<\/span><\/h4>\n<p style=\"text-align: center;\">n\u00e9 \u00e0 Saint-Pardoux-Lavaud<\/p>\n<p style=\"text-align: center;\">le 12 novembre 1881<\/p>\n<p style=\"text-align: center;\">fils de<\/p>\n<p style=\"text-align: center;\">Gabriel Florentin TH\u00c8VE, <span style=\"color: #008000;\"><strong>ma\u00e7on<\/strong><\/span>, et Eug\u00e9nie B\u00c9NASSY<\/p>\n<p>&nbsp;<\/p>\n<p><strong>En 1902 , 1903 et 1904<\/strong><em>, Jean est ajourn\u00e9 de service militaire pour faiblesse\u00a0; <\/em><strong>en 1914<\/strong><em>, pour tuberculose pulmonaire.<\/em><\/p>\n<p><strong>\u00a0En 1904<\/strong><em>, il travaille \u00e0 <\/em><span style=\"color: #0000ff;\"><strong>Ville-d\u2019Avray (92)<\/strong><\/span><em>, logeant 44, rue Saint-Cloud.<\/em><\/p>\n","protected":false},"excerpt":{"rendered":"<p>Mis \u00e0 jour le : 27\/04\/2026Jean TH\u00c8VE 1881 &#8211; apr\u00e8s 1927 ma\u00e7on n\u00e9 \u00e0 Saint-Pardoux-Lavaud le 12 novembre 1881 fils de Gabriel Florentin TH\u00c8VE, ma\u00e7on, et Eug\u00e9nie B\u00c9NASSY &nbsp; En 1902 , 1903 et 1904, Jean est ajourn\u00e9 de service militaire pour faiblesse\u00a0; en 1914, pour tuberculose pulmonaire. \u00a0En 1904, il travaille \u00e0 Ville-d\u2019Avray (92), ..<\/p>\n<div class=\"clear-fix\"><\/div>\n<p><a href=\"https:\/\/www.lesmaconsdelacreuse.fr\/annuaires\/non-classe\/theve-jean-1881-apres-1927\/\" title=\"Lire la suite...\">Lire la suite<\/a><\/p>\n","protected":false},"author":6,"featured_media":0,"comment_status":"closed","ping_status":"closed","sticky":false,"template":"","format":"standard","meta":{"_acf_changed":false,"_exactmetrics_skip_tracking":false,"_exactmetrics_sitenote_active":false,"_exactmetrics_sitenote_note":"","_exactmetrics_sitenote_category":0,"footnotes":""},"categories":[13],"tags":[],"class_list":["post-196391","post","type-post","status-publish","format-standard","hentry","category-lettre-t"],"acf":[],"_links":{"self":[{"href":"https:\/\/www.lesmaconsdelacreuse.fr\/annuaires\/wp-json\/wp\/v2\/posts\/196391","targetHints":{"allow":["GET"]}}],"collection":[{"href":"https:\/\/www.lesmaconsdelacreuse.fr\/annuaires\/wp-json\/wp\/v2\/posts"}],"about":[{"href":"https:\/\/www.lesmaconsdelacreuse.fr\/annuaires\/wp-json\/wp\/v2\/types\/post"}],"author":[{"embeddable":true,"href":"https:\/\/www.lesmaconsdelacreuse.fr\/annuaires\/wp-json\/wp\/v2\/users\/6"}],"replies":[{"embeddable":true,"href":"https:\/\/www.lesmaconsdelacreuse.fr\/annuaires\/wp-json\/wp\/v2\/comments?post=196391"}],"version-history":[{"count":1,"href":"https:\/\/www.lesmaconsdelacreuse.fr\/annuaires\/wp-json\/wp\/v2\/posts\/196391\/revisions"}],"predecessor-version":[{"id":196392,"href":"https:\/\/www.lesmaconsdelacreuse.fr\/annuaires\/wp-json\/wp\/v2\/posts\/196391\/revisions\/196392"}],"wp:attachment":[{"href":"https:\/\/www.lesmaconsdelacreuse.fr\/annuaires\/wp-json\/wp\/v2\/media?parent=196391"}],"wp:term":[{"taxonomy":"category","embeddable":true,"href":"https:\/\/www.lesmaconsdelacreuse.fr\/annuaires\/wp-json\/wp\/v2\/categories?post=196391"},{"taxonomy":"post_tag","embeddable":true,"href":"https:\/\/www.lesmaconsdelacreuse.fr\/annuaires\/wp-json\/wp\/v2\/tags?post=196391"}],"curies":[{"name":"wp","href":"https:\/\/api.w.org\/{rel}","templated":true}]}}