{"id":197385,"date":"2022-04-11T15:07:22","date_gmt":"2022-04-11T13:07:22","guid":{"rendered":"https:\/\/www.lesmaconsdelacreuse.fr\/annuaires\/?p=197385"},"modified":"2022-06-06T18:10:39","modified_gmt":"2022-06-06T16:10:39","slug":"leger-joseph-1856-apres-1887","status":"publish","type":"post","link":"https:\/\/www.lesmaconsdelacreuse.fr\/annuaires\/lettre-l\/leger-joseph-1856-apres-1887\/","title":{"rendered":"L\u00c9GER Joseph (1856-apr\u00e8s 1887)"},"content":{"rendered":"<p class=\"last-updated\"><strong>Mis \u00e0 jour le :<\/strong> 01\/05\/2026<\/p><h2 style=\"text-align: center;\"><strong>Joseph L\u00c9GER<\/strong><\/h2>\n<p style=\"text-align: center;\"><strong>1856 &#8211; apr\u00e8s 1887<\/strong><\/p>\n<p><a href=\"https:\/\/www.lesmaconsdelacreuse.fr\/annuaires\/wp-content\/uploads\/2022\/04\/LEGER-Joseph-1856.jpg\"><img loading=\"lazy\" decoding=\"async\" class=\"size-full wp-image-199994 aligncenter\" src=\"https:\/\/www.lesmaconsdelacreuse.fr\/annuaires\/wp-content\/uploads\/2022\/04\/LEGER-Joseph-1856.jpg\" alt=\"\" width=\"208\" height=\"56\" srcset=\"https:\/\/www.lesmaconsdelacreuse.fr\/annuaires\/wp-content\/uploads\/2022\/04\/LEGER-Joseph-1856.jpg 208w, https:\/\/www.lesmaconsdelacreuse.fr\/annuaires\/wp-content\/uploads\/2022\/04\/LEGER-Joseph-1856-16x4.jpg 16w, https:\/\/www.lesmaconsdelacreuse.fr\/annuaires\/wp-content\/uploads\/2022\/04\/LEGER-Joseph-1856-150x40.jpg 150w\" sizes=\"auto, (max-width: 208px) 100vw, 208px\" \/><\/a><\/p>\n<h4 style=\"text-align: center;\"><span style=\"color: #008000;\">ma\u00e7on<\/span><\/h4>\n<p style=\"text-align: center;\">n\u00e9 au Feix (Roy\u00e8re)<\/p>\n<p style=\"text-align: center;\">le 18 septembre 1856<\/p>\n<p style=\"text-align: center;\">fils de<\/p>\n<p style=\"text-align: center;\">Jean L\u00c9GER, <span style=\"color: #008000;\">ma\u00e7on<\/span>, et de Fran\u00e7oise URBAIN<\/p>\n<p>&nbsp;<\/p>\n<p><strong>En 1886<\/strong><em>, Joseph habite Villemoneix, commune de Gentioux, avec sa m\u00e8re.<\/em><\/p>\n<p><em>\u00a0<\/em><em>Le 17 ao\u00fbt de la m\u00eame ann\u00e9e, il \u00e9pouse Louise Baptistine <\/em><strong>RIGONNET<\/strong><em> \u00e0 Saint-Marc-\u00e0-Loubaud (contrat Combaudon). <\/em><\/p>\n<p><em>\u00a0<\/em><em>Ils habitent Train, m\u00eame commune.<\/em><\/p>\n","protected":false},"excerpt":{"rendered":"<p>Mis \u00e0 jour le : 01\/05\/2026Joseph L\u00c9GER 1856 &#8211; apr\u00e8s 1887 ma\u00e7on n\u00e9 au Feix (Roy\u00e8re) le 18 septembre 1856 fils de Jean L\u00c9GER, ma\u00e7on, et de Fran\u00e7oise URBAIN &nbsp; En 1886, Joseph habite Villemoneix, commune de Gentioux, avec sa m\u00e8re. \u00a0Le 17 ao\u00fbt de la m\u00eame ann\u00e9e, il \u00e9pouse Louise Baptistine RIGONNET \u00e0 Saint-Marc-\u00e0-Loubaud ..<\/p>\n<div class=\"clear-fix\"><\/div>\n<p><a href=\"https:\/\/www.lesmaconsdelacreuse.fr\/annuaires\/lettre-l\/leger-joseph-1856-apres-1887\/\" title=\"Lire la suite...\">Lire la suite<\/a><\/p>\n","protected":false},"author":6,"featured_media":0,"comment_status":"closed","ping_status":"closed","sticky":false,"template":"","format":"standard","meta":{"_acf_changed":false,"_exactmetrics_skip_tracking":false,"_exactmetrics_sitenote_active":false,"_exactmetrics_sitenote_note":"","_exactmetrics_sitenote_category":0,"footnotes":""},"categories":[19],"tags":[],"class_list":["post-197385","post","type-post","status-publish","format-standard","hentry","category-lettre-l"],"acf":[],"_links":{"self":[{"href":"https:\/\/www.lesmaconsdelacreuse.fr\/annuaires\/wp-json\/wp\/v2\/posts\/197385","targetHints":{"allow":["GET"]}}],"collection":[{"href":"https:\/\/www.lesmaconsdelacreuse.fr\/annuaires\/wp-json\/wp\/v2\/posts"}],"about":[{"href":"https:\/\/www.lesmaconsdelacreuse.fr\/annuaires\/wp-json\/wp\/v2\/types\/post"}],"author":[{"embeddable":true,"href":"https:\/\/www.lesmaconsdelacreuse.fr\/annuaires\/wp-json\/wp\/v2\/users\/6"}],"replies":[{"embeddable":true,"href":"https:\/\/www.lesmaconsdelacreuse.fr\/annuaires\/wp-json\/wp\/v2\/comments?post=197385"}],"version-history":[{"count":2,"href":"https:\/\/www.lesmaconsdelacreuse.fr\/annuaires\/wp-json\/wp\/v2\/posts\/197385\/revisions"}],"predecessor-version":[{"id":199995,"href":"https:\/\/www.lesmaconsdelacreuse.fr\/annuaires\/wp-json\/wp\/v2\/posts\/197385\/revisions\/199995"}],"wp:attachment":[{"href":"https:\/\/www.lesmaconsdelacreuse.fr\/annuaires\/wp-json\/wp\/v2\/media?parent=197385"}],"wp:term":[{"taxonomy":"category","embeddable":true,"href":"https:\/\/www.lesmaconsdelacreuse.fr\/annuaires\/wp-json\/wp\/v2\/categories?post=197385"},{"taxonomy":"post_tag","embeddable":true,"href":"https:\/\/www.lesmaconsdelacreuse.fr\/annuaires\/wp-json\/wp\/v2\/tags?post=197385"}],"curies":[{"name":"wp","href":"https:\/\/api.w.org\/{rel}","templated":true}]}}