{"id":198550,"date":"2022-05-01T18:56:13","date_gmt":"2022-05-01T16:56:13","guid":{"rendered":"https:\/\/www.lesmaconsdelacreuse.fr\/annuaires\/?p=198550"},"modified":"2022-06-08T17:09:19","modified_gmt":"2022-06-08T15:09:19","slug":"terrade-lucien-1846-apres-1900","status":"publish","type":"post","link":"https:\/\/www.lesmaconsdelacreuse.fr\/annuaires\/lettre-t\/terrade-lucien-1846-apres-1900\/","title":{"rendered":"TERRADE Lucien (1846-apr\u00e8s 1900)"},"content":{"rendered":"<p class=\"last-updated\"><strong>Mis \u00e0 jour le :<\/strong> 27\/04\/2026<\/p><h2 style=\"text-align: center;\">Lucien TERRADE<\/h2>\n<p style=\"text-align: center;\"><strong>1846 &#8211; apr\u00e8s 1900<\/strong><\/p>\n<p><a href=\"https:\/\/www.lesmaconsdelacreuse.fr\/annuaires\/wp-content\/uploads\/2020\/07\/ne-sait-pas-signer.jpg\"><img loading=\"lazy\" decoding=\"async\" class=\"size-full wp-image-174596 aligncenter\" src=\"https:\/\/www.lesmaconsdelacreuse.fr\/annuaires\/wp-content\/uploads\/2020\/07\/ne-sait-pas-signer.jpg\" alt=\"\" width=\"156\" height=\"31\" srcset=\"https:\/\/www.lesmaconsdelacreuse.fr\/annuaires\/wp-content\/uploads\/2020\/07\/ne-sait-pas-signer.jpg 156w, https:\/\/www.lesmaconsdelacreuse.fr\/annuaires\/wp-content\/uploads\/2020\/07\/ne-sait-pas-signer-150x30.jpg 150w\" sizes=\"auto, (max-width: 156px) 100vw, 156px\" \/><\/a><\/p>\n<h4 style=\"text-align: center;\"><span style=\"color: #008000;\"><strong>ma\u00e7on<\/strong><\/span><\/h4>\n<p style=\"text-align: center;\">n\u00e9 \u00e0 Saint-Pierre-le-Bost<\/p>\n<p style=\"text-align: center;\">le 18 mai 1846 (date connue par acte de notori\u00e9t\u00e9)<\/p>\n<p style=\"text-align: center;\">fils de<\/p>\n<p style=\"text-align: center;\">Gilles TERRADE, <span style=\"color: #008000;\"><strong>ma\u00e7on<\/strong><\/span>, et Marie DELARD, cultivatrice<\/p>\n<p>&nbsp;<\/p>\n<p><strong>En 1873<\/strong>, <em>Lucien habite Le Monteil-S\u00e9gur, commune de Valli\u00e8re, avec son p\u00e8re.<\/em><\/p>\n<p><em>\u00a0<\/em><em>Il \u00e9pouse Marie <\/em><strong>TH\u00c9VENOT<\/strong><em>, cultivatrice, le 15 d\u00e9cembre de la m\u00eame<\/em> <em>ann\u00e9e \u00e0 Saint-Marc-\u00e0-Loubaud.<\/em><\/p>\n<p><strong>\u00a0En 1876<\/strong><em>, ils sont recens\u00e9s \u00e0 <\/em><strong><span style=\"color: #0000ff;\">Lyon (69<\/span>)<\/strong><em> 58, rue Baraban\u00a0;<\/em><\/p>\n<p><strong>\u00a0en 1880<\/strong><em>, ils habitent le 5<sup>e<\/sup> arrondissement\u00a0;<\/em><\/p>\n<p><strong>\u00a0en 1886<\/strong><em>, ils sont recens\u00e9s 2, place Tabareau\u00a0;<\/em><\/p>\n<p><strong>\u00a0en 1900<\/strong><em>, ils sont avenue des Tapis, dans le 4<sup>e<\/sup> arrondissement.<\/em><\/p>\n<p>&nbsp;<\/p>\n","protected":false},"excerpt":{"rendered":"<p>Mis \u00e0 jour le : 27\/04\/2026Lucien TERRADE 1846 &#8211; apr\u00e8s 1900 ma\u00e7on n\u00e9 \u00e0 Saint-Pierre-le-Bost le 18 mai 1846 (date connue par acte de notori\u00e9t\u00e9) fils de Gilles TERRADE, ma\u00e7on, et Marie DELARD, cultivatrice &nbsp; En 1873, Lucien habite Le Monteil-S\u00e9gur, commune de Valli\u00e8re, avec son p\u00e8re. \u00a0Il \u00e9pouse Marie TH\u00c9VENOT, cultivatrice, le 15 d\u00e9cembre ..<\/p>\n<div class=\"clear-fix\"><\/div>\n<p><a href=\"https:\/\/www.lesmaconsdelacreuse.fr\/annuaires\/lettre-t\/terrade-lucien-1846-apres-1900\/\" title=\"Lire la suite...\">Lire la suite<\/a><\/p>\n","protected":false},"author":6,"featured_media":0,"comment_status":"closed","ping_status":"closed","sticky":false,"template":"","format":"standard","meta":{"_acf_changed":false,"_exactmetrics_skip_tracking":false,"_exactmetrics_sitenote_active":false,"_exactmetrics_sitenote_note":"","_exactmetrics_sitenote_category":0,"footnotes":""},"categories":[13],"tags":[],"class_list":["post-198550","post","type-post","status-publish","format-standard","hentry","category-lettre-t"],"acf":[],"_links":{"self":[{"href":"https:\/\/www.lesmaconsdelacreuse.fr\/annuaires\/wp-json\/wp\/v2\/posts\/198550","targetHints":{"allow":["GET"]}}],"collection":[{"href":"https:\/\/www.lesmaconsdelacreuse.fr\/annuaires\/wp-json\/wp\/v2\/posts"}],"about":[{"href":"https:\/\/www.lesmaconsdelacreuse.fr\/annuaires\/wp-json\/wp\/v2\/types\/post"}],"author":[{"embeddable":true,"href":"https:\/\/www.lesmaconsdelacreuse.fr\/annuaires\/wp-json\/wp\/v2\/users\/6"}],"replies":[{"embeddable":true,"href":"https:\/\/www.lesmaconsdelacreuse.fr\/annuaires\/wp-json\/wp\/v2\/comments?post=198550"}],"version-history":[{"count":2,"href":"https:\/\/www.lesmaconsdelacreuse.fr\/annuaires\/wp-json\/wp\/v2\/posts\/198550\/revisions"}],"predecessor-version":[{"id":200312,"href":"https:\/\/www.lesmaconsdelacreuse.fr\/annuaires\/wp-json\/wp\/v2\/posts\/198550\/revisions\/200312"}],"wp:attachment":[{"href":"https:\/\/www.lesmaconsdelacreuse.fr\/annuaires\/wp-json\/wp\/v2\/media?parent=198550"}],"wp:term":[{"taxonomy":"category","embeddable":true,"href":"https:\/\/www.lesmaconsdelacreuse.fr\/annuaires\/wp-json\/wp\/v2\/categories?post=198550"},{"taxonomy":"post_tag","embeddable":true,"href":"https:\/\/www.lesmaconsdelacreuse.fr\/annuaires\/wp-json\/wp\/v2\/tags?post=198550"}],"curies":[{"name":"wp","href":"https:\/\/api.w.org\/{rel}","templated":true}]}}