{"id":3603,"date":"2019-07-22T21:34:44","date_gmt":"2019-07-22T19:34:44","guid":{"rendered":"http:\/\/lesmaconsdelacreuse.fr\/annuaire\/?p=3603"},"modified":"2022-05-04T09:34:49","modified_gmt":"2022-05-04T07:34:49","slug":"v_187","status":"publish","type":"post","link":"https:\/\/www.lesmaconsdelacreuse.fr\/annuaires\/lettre-m\/v_187\/","title":{"rendered":"LAVERGNE L\u00e9onard (1856\u2013entre 1917 et 1935)"},"content":{"rendered":"<p class=\"last-updated\"><strong>Mis \u00e0 jour le :<\/strong> 29\/04\/2026<\/p><h2 style=\"text-align: center;\"><strong>L\u00e9onard LAVERGNE<\/strong><\/h2>\n<p style=\"text-align: center;\"><strong>1856 \u2013 entre 1917 et 1935<\/strong><\/p>\n<p style=\"text-align: center;\"><a href=\"https:\/\/www.lesmaconsdelacreuse.fr\/annuaires\/wp-content\/uploads\/2019\/07\/lavergne.jpg\"><img loading=\"lazy\" decoding=\"async\" class=\"alignnone size-full wp-image-179036\" src=\"https:\/\/www.lesmaconsdelacreuse.fr\/annuaires\/wp-content\/uploads\/2019\/07\/lavergne.jpg\" alt=\"\" width=\"243\" height=\"84\" srcset=\"https:\/\/www.lesmaconsdelacreuse.fr\/annuaires\/wp-content\/uploads\/2019\/07\/lavergne.jpg 243w, https:\/\/www.lesmaconsdelacreuse.fr\/annuaires\/wp-content\/uploads\/2019\/07\/lavergne-150x52.jpg 150w\" sizes=\"auto, (max-width: 243px) 100vw, 243px\" \/><\/a><\/p>\n<p>&nbsp;<\/p>\n<h4 style=\"text-align: center;\"><span style=\"color: #008000;\"><strong>ma\u00e7on <\/strong>et<strong> cultivateur<\/strong><\/span><\/h4>\n<p style=\"text-align: center;\">n\u00e9 \u00e0 Ladrat (Saint-Julien-le-Petit \u2013 87)<\/p>\n<p style=\"text-align: center;\">le 14 ao\u00fbt 1856<\/p>\n<p style=\"text-align: center;\">fils de<\/p>\n<p style=\"text-align: center;\">L\u00e9onard LAVERGNE, <span style=\"color: #008000;\"><strong>ma\u00e7on <\/strong><\/span><strong>\/ <\/strong>Th\u00e9r\u00e8se LESTRADE<\/p>\n<p style=\"text-align: center;\">propri\u00e9taires cultivateurs<\/p>\n<p style=\"text-align: center;\"><span style=\"color: #ffffff;\">\u25d9<\/span><\/p>\n<p><strong>En 1877<\/strong><em>, L\u00e9onard travaille dans le <\/em><span style=\"color: #0000ff;\"><strong>Rh\u00f4ne (69)<\/strong><\/span><em> et y passe le conseil de r\u00e9vision.<\/em><\/p>\n<p><em> Il \u00e9pouse Marie <\/em><strong>THIBAULT <\/strong><em>le 7 f\u00e9vrier <\/em><strong>1886<\/strong><em> \u00e0 Saint-Martin-Ch\u00e2teau (contrat Magadoux)\u00a0; il a accompli cinq ans de service militaire actif dans la marine. <\/em><\/p>\n<p><em>Ils habitent le village du Chassagnoux, commune de Saint-Martin-Ch\u00e2teau, puis celui de Montayaud, commune de Saint-Junien-la-Breg\u00e8re.<\/em><\/p>\n<p><strong>D\u00e8s 1889<\/strong><em>, ils sont \u00e0 <\/em><span style=\"color: #0000ff;\"><strong>Jonage (69)<\/strong><\/span><em>.<\/em><\/p>\n<p><em>\u00a0<\/em><em>Marie y d\u00e9c\u00e8de veuve, le 2 juillet <\/em><strong>1935<\/strong><em>, \u00e2g\u00e9e de 71 ans.<\/em><\/p>\n<p>&nbsp;<\/p>\n","protected":false},"excerpt":{"rendered":"<p>Mis \u00e0 jour le : 29\/04\/2026L\u00e9onard LAVERGNE 1856 \u2013 entre 1917 et 1935 &nbsp; ma\u00e7on et cultivateur n\u00e9 \u00e0 Ladrat (Saint-Julien-le-Petit \u2013 87) le 14 ao\u00fbt 1856 fils de L\u00e9onard LAVERGNE, ma\u00e7on \/ Th\u00e9r\u00e8se LESTRADE propri\u00e9taires cultivateurs \u25d9 En 1877, L\u00e9onard travaille dans le Rh\u00f4ne (69) et y passe le conseil de r\u00e9vision. Il \u00e9pouse ..<\/p>\n<div class=\"clear-fix\"><\/div>\n<p><a href=\"https:\/\/www.lesmaconsdelacreuse.fr\/annuaires\/lettre-m\/v_187\/\" title=\"Lire la suite...\">Lire la suite<\/a><\/p>\n","protected":false},"author":2,"featured_media":0,"comment_status":"closed","ping_status":"closed","sticky":false,"template":"","format":"standard","meta":{"_acf_changed":false,"_exactmetrics_skip_tracking":false,"_exactmetrics_sitenote_active":false,"_exactmetrics_sitenote_note":"","_exactmetrics_sitenote_category":0,"footnotes":""},"categories":[14,18],"tags":[],"class_list":["post-3603","post","type-post","status-publish","format-standard","hentry","category-lettre-m","category-lettre-v"],"acf":[],"_links":{"self":[{"href":"https:\/\/www.lesmaconsdelacreuse.fr\/annuaires\/wp-json\/wp\/v2\/posts\/3603","targetHints":{"allow":["GET"]}}],"collection":[{"href":"https:\/\/www.lesmaconsdelacreuse.fr\/annuaires\/wp-json\/wp\/v2\/posts"}],"about":[{"href":"https:\/\/www.lesmaconsdelacreuse.fr\/annuaires\/wp-json\/wp\/v2\/types\/post"}],"author":[{"embeddable":true,"href":"https:\/\/www.lesmaconsdelacreuse.fr\/annuaires\/wp-json\/wp\/v2\/users\/2"}],"replies":[{"embeddable":true,"href":"https:\/\/www.lesmaconsdelacreuse.fr\/annuaires\/wp-json\/wp\/v2\/comments?post=3603"}],"version-history":[{"count":2,"href":"https:\/\/www.lesmaconsdelacreuse.fr\/annuaires\/wp-json\/wp\/v2\/posts\/3603\/revisions"}],"predecessor-version":[{"id":198687,"href":"https:\/\/www.lesmaconsdelacreuse.fr\/annuaires\/wp-json\/wp\/v2\/posts\/3603\/revisions\/198687"}],"wp:attachment":[{"href":"https:\/\/www.lesmaconsdelacreuse.fr\/annuaires\/wp-json\/wp\/v2\/media?parent=3603"}],"wp:term":[{"taxonomy":"category","embeddable":true,"href":"https:\/\/www.lesmaconsdelacreuse.fr\/annuaires\/wp-json\/wp\/v2\/categories?post=3603"},{"taxonomy":"post_tag","embeddable":true,"href":"https:\/\/www.lesmaconsdelacreuse.fr\/annuaires\/wp-json\/wp\/v2\/tags?post=3603"}],"curies":[{"name":"wp","href":"https:\/\/api.w.org\/{rel}","templated":true}]}}