{"id":37075,"date":"2019-08-04T17:23:59","date_gmt":"2019-08-04T15:23:59","guid":{"rendered":"http:\/\/lesmaconsdelacreuse.fr\/annuaire\/?p=37075"},"modified":"2020-10-05T17:07:32","modified_gmt":"2020-10-05T15:07:32","slug":"m_404","status":"publish","type":"post","link":"https:\/\/www.lesmaconsdelacreuse.fr\/annuaires\/lettre-m\/m_404\/","title":{"rendered":"MAURY Jean (1744\u20131813)"},"content":{"rendered":"<p class=\"last-updated\"><strong>Mis \u00e0 jour le :<\/strong> 25\/04\/2026<\/p><h2 style=\"text-align: center;\"><strong>Jean MAURY<\/strong><\/h2>\n<p style=\"text-align: center;\"><strong>1744 \u2013 1813<\/strong><\/p>\n<p style=\"text-align: center;\"><img decoding=\"async\" title=\"\" src=\"https:\/\/lesmaconsdelacreuse.fr\/annuaire\/wp-content\/uploads\/2019\/08\/image1-1046.jpg\" alt=\"\" data-asset-id=\"37074\" data-source-id=\"i.0\" \/><\/p>\n<h4 style=\"text-align: center;\"><span style=\"color: #008000;\"><strong>ma\u00e7on <\/strong>et<strong> laboureur<\/strong><\/span><\/h4>\n<p>&nbsp;<\/p>\n<p style=\"text-align: center;\">n\u00e9 au Breuil (Saint-Pardoux-Lavaud)<\/p>\n<p style=\"text-align: center;\">le 26 avril 1744<\/p>\n<p style=\"text-align: center;\">fils de<\/p>\n<p style=\"text-align: center;\">Jean MAURY \/ Marie DIZIER<\/p>\n<p style=\"text-align: center;\">laboureurs<\/p>\n<p style=\"text-align: center;\"><span style=\"color: #ffffff;\">\u25d9<\/span><\/p>\n<p><em>Jean \u00e9pouse Marie <\/em><strong>CHAMPESME<\/strong><em> le 27 f\u00e9vrier <\/em><strong>1775<\/strong><em> \u00e0 Soubrebost (date du \u25ba<a href=\"https:\/\/www.lesmaconsdelacreuse.fr\/annuaires\/wp-content\/uploads\/2020\/08\/CONG\u00c9-ou-REMISE.png\" target=\"_blank\" rel=\"noopener noreferrer\">cong\u00e9<\/a>). <\/em><\/p>\n<p><em>Ils habitent Le Breuil.<\/em><\/p>\n<p><em> Ils y d\u00e9c\u00e8dent:<\/em><\/p>\n<ul>\n<li><em>Jean, le 13 janvier <\/em><strong>1813<\/strong><em>, \u00e2g\u00e9 de 68 ans<\/em><\/li>\n<li><em>Marie, le 19 octobre <\/em><strong>1824<\/strong><em>, \u00e2g\u00e9e de 80 ans environ<\/em><\/li>\n<\/ul>\n<p>&nbsp;<\/p>\n","protected":false},"excerpt":{"rendered":"<p>Mis \u00e0 jour le : 25\/04\/2026Jean MAURY 1744 \u2013 1813 ma\u00e7on et laboureur &nbsp; n\u00e9 au Breuil (Saint-Pardoux-Lavaud) le 26 avril 1744 fils de Jean MAURY \/ Marie DIZIER laboureurs \u25d9 Jean \u00e9pouse Marie CHAMPESME le 27 f\u00e9vrier 1775 \u00e0 Soubrebost (date du \u25bacong\u00e9). Ils habitent Le Breuil. Ils y d\u00e9c\u00e8dent: Jean, le 13 janvier ..<\/p>\n<div class=\"clear-fix\"><\/div>\n<p><a href=\"https:\/\/www.lesmaconsdelacreuse.fr\/annuaires\/lettre-m\/m_404\/\" title=\"Lire la suite...\">Lire la suite<\/a><\/p>\n","protected":false},"author":2,"featured_media":0,"comment_status":"closed","ping_status":"closed","sticky":false,"template":"","format":"standard","meta":{"_acf_changed":false,"_exactmetrics_skip_tracking":false,"_exactmetrics_sitenote_active":false,"_exactmetrics_sitenote_note":"","_exactmetrics_sitenote_category":0,"footnotes":""},"categories":[14],"tags":[],"class_list":["post-37075","post","type-post","status-publish","format-standard","hentry","category-lettre-m"],"acf":[],"_links":{"self":[{"href":"https:\/\/www.lesmaconsdelacreuse.fr\/annuaires\/wp-json\/wp\/v2\/posts\/37075","targetHints":{"allow":["GET"]}}],"collection":[{"href":"https:\/\/www.lesmaconsdelacreuse.fr\/annuaires\/wp-json\/wp\/v2\/posts"}],"about":[{"href":"https:\/\/www.lesmaconsdelacreuse.fr\/annuaires\/wp-json\/wp\/v2\/types\/post"}],"author":[{"embeddable":true,"href":"https:\/\/www.lesmaconsdelacreuse.fr\/annuaires\/wp-json\/wp\/v2\/users\/2"}],"replies":[{"embeddable":true,"href":"https:\/\/www.lesmaconsdelacreuse.fr\/annuaires\/wp-json\/wp\/v2\/comments?post=37075"}],"version-history":[{"count":0,"href":"https:\/\/www.lesmaconsdelacreuse.fr\/annuaires\/wp-json\/wp\/v2\/posts\/37075\/revisions"}],"wp:attachment":[{"href":"https:\/\/www.lesmaconsdelacreuse.fr\/annuaires\/wp-json\/wp\/v2\/media?parent=37075"}],"wp:term":[{"taxonomy":"category","embeddable":true,"href":"https:\/\/www.lesmaconsdelacreuse.fr\/annuaires\/wp-json\/wp\/v2\/categories?post=37075"},{"taxonomy":"post_tag","embeddable":true,"href":"https:\/\/www.lesmaconsdelacreuse.fr\/annuaires\/wp-json\/wp\/v2\/tags?post=37075"}],"curies":[{"name":"wp","href":"https:\/\/api.w.org\/{rel}","templated":true}]}}