{"id":37082,"date":"2019-08-04T17:23:59","date_gmt":"2019-08-04T15:23:59","guid":{"rendered":"http:\/\/lesmaconsdelacreuse.fr\/annuaire\/?p=37082"},"modified":"2020-10-09T16:17:39","modified_gmt":"2020-10-09T14:17:39","slug":"m_442","status":"publish","type":"post","link":"https:\/\/www.lesmaconsdelacreuse.fr\/annuaires\/lettre-m\/m_442\/","title":{"rendered":"MAZEAU Joseph (1733\u2013avant 1800)"},"content":{"rendered":"<p class=\"last-updated\"><strong>Mis \u00e0 jour le :<\/strong> 25\/04\/2026<\/p><h2 style=\"text-align: center;\"><strong>Joseph MAZEAU<\/strong><\/h2>\n<p style=\"text-align: center;\"><strong>1733 \u2013 avant 1800<\/strong><\/p>\n<p style=\"text-align: center;\"><img decoding=\"async\" title=\"\" src=\"https:\/\/lesmaconsdelacreuse.fr\/annuaire\/wp-content\/uploads\/2019\/08\/image1-1049.jpg\" alt=\"\" data-asset-id=\"37081\" data-source-id=\"i.0\" \/><\/p>\n<h4 style=\"text-align: center;\"><span style=\"color: #008000;\"><strong>ma\u00e7on <\/strong><span style=\"color: #008000;\">;\u00a0<\/span><\/span><strong><span style=\"color: #008000;\">\u25ba<a href=\"https:\/\/www.lesmaconsdelacreuse.fr\/annuaires\/wp-content\/uploads\/2020\/08\/FERMIER-M\u00c9TAYER.png\" target=\"_blank\" rel=\"noopener noreferrer\"><span style=\"color: #008000;\">m\u00e9tayer<\/span><\/a> <\/span><\/strong><span style=\"color: #008000;\">et<\/span><strong>\u00a0<\/strong><strong>\u25ba<\/strong><strong><a href=\"https:\/\/www.lesmaconsdelacreuse.fr\/annuaires\/wp-content\/uploads\/2020\/08\/BORDIER.png\" target=\"_blank\" rel=\"noopener noreferrer\">bordier<\/a><\/strong><\/h4>\n<p>&nbsp;<\/p>\n<p style=\"text-align: center;\">n\u00e9 au Mazeau (Roy\u00e8re)<\/p>\n<p style=\"text-align: center;\">le 17 septembre 1733<\/p>\n<p style=\"text-align: center;\">fils de<\/p>\n<p style=\"text-align: center;\">Antoine MAZEAU \/ Marguerite LEBRAUD<\/p>\n<p style=\"text-align: center;\">laboureurs<\/p>\n<p style=\"text-align: center;\"><span style=\"color: #ffffff;\">\u25d9<\/span><\/p>\n<p><em>Joseph \u00e9pouse Marie <\/em><strong>RUBY <\/strong><em>le 17 janvier <\/em><strong>1763<\/strong><em> \u00e0 Saint-Marc-\u00e0-Loubaud (contrat Coutisson \u00e0 Roy\u00e8re).<\/em><\/p>\n<p><em>Ils habitent Le Mazeau. <\/em><\/p>\n<p><em>Marguerite d\u00e9c\u00e8de veuve au Theil-Haut, commune de Saint-Yriex-la-Montagne, le 27 frimaire an IX (18 d\u00e9cembre<\/em> <strong>1800<\/strong><em>), \u00e2g\u00e9e de 61 ans.<\/em><\/p>\n<p>&nbsp;<\/p>\n","protected":false},"excerpt":{"rendered":"<p>Mis \u00e0 jour le : 25\/04\/2026Joseph MAZEAU 1733 \u2013 avant 1800 ma\u00e7on ;\u00a0\u25bam\u00e9tayer et\u00a0\u25babordier &nbsp; n\u00e9 au Mazeau (Roy\u00e8re) le 17 septembre 1733 fils de Antoine MAZEAU \/ Marguerite LEBRAUD laboureurs \u25d9 Joseph \u00e9pouse Marie RUBY le 17 janvier 1763 \u00e0 Saint-Marc-\u00e0-Loubaud (contrat Coutisson \u00e0 Roy\u00e8re). Ils habitent Le Mazeau. Marguerite d\u00e9c\u00e8de veuve au Theil-Haut, ..<\/p>\n<div class=\"clear-fix\"><\/div>\n<p><a href=\"https:\/\/www.lesmaconsdelacreuse.fr\/annuaires\/lettre-m\/m_442\/\" title=\"Lire la suite...\">Lire la suite<\/a><\/p>\n","protected":false},"author":2,"featured_media":0,"comment_status":"closed","ping_status":"closed","sticky":false,"template":"","format":"standard","meta":{"_acf_changed":false,"_exactmetrics_skip_tracking":false,"_exactmetrics_sitenote_active":false,"_exactmetrics_sitenote_note":"","_exactmetrics_sitenote_category":0,"footnotes":""},"categories":[14],"tags":[],"class_list":["post-37082","post","type-post","status-publish","format-standard","hentry","category-lettre-m"],"acf":[],"_links":{"self":[{"href":"https:\/\/www.lesmaconsdelacreuse.fr\/annuaires\/wp-json\/wp\/v2\/posts\/37082","targetHints":{"allow":["GET"]}}],"collection":[{"href":"https:\/\/www.lesmaconsdelacreuse.fr\/annuaires\/wp-json\/wp\/v2\/posts"}],"about":[{"href":"https:\/\/www.lesmaconsdelacreuse.fr\/annuaires\/wp-json\/wp\/v2\/types\/post"}],"author":[{"embeddable":true,"href":"https:\/\/www.lesmaconsdelacreuse.fr\/annuaires\/wp-json\/wp\/v2\/users\/2"}],"replies":[{"embeddable":true,"href":"https:\/\/www.lesmaconsdelacreuse.fr\/annuaires\/wp-json\/wp\/v2\/comments?post=37082"}],"version-history":[{"count":0,"href":"https:\/\/www.lesmaconsdelacreuse.fr\/annuaires\/wp-json\/wp\/v2\/posts\/37082\/revisions"}],"wp:attachment":[{"href":"https:\/\/www.lesmaconsdelacreuse.fr\/annuaires\/wp-json\/wp\/v2\/media?parent=37082"}],"wp:term":[{"taxonomy":"category","embeddable":true,"href":"https:\/\/www.lesmaconsdelacreuse.fr\/annuaires\/wp-json\/wp\/v2\/categories?post=37082"},{"taxonomy":"post_tag","embeddable":true,"href":"https:\/\/www.lesmaconsdelacreuse.fr\/annuaires\/wp-json\/wp\/v2\/tags?post=37082"}],"curies":[{"name":"wp","href":"https:\/\/api.w.org\/{rel}","templated":true}]}}