{"id":37099,"date":"2019-08-04T17:23:58","date_gmt":"2019-08-04T15:23:58","guid":{"rendered":"http:\/\/lesmaconsdelacreuse.fr\/annuaire\/?p=37099"},"modified":"2022-12-13T16:01:32","modified_gmt":"2022-12-13T15:01:32","slug":"m_432","status":"publish","type":"post","link":"https:\/\/www.lesmaconsdelacreuse.fr\/annuaires\/lettre-m\/m_432\/","title":{"rendered":"MAZEAU Jean (1649\u2013apr\u00e8s 1679)"},"content":{"rendered":"<p class=\"last-updated\"><strong>Mis \u00e0 jour le :<\/strong> 25\/04\/2026<\/p><h2 style=\"text-align: center;\"><strong>Jean MAZEAU<\/strong><\/h2>\n<p style=\"text-align: center;\"><strong>1649 \u2013 apr\u00e8s 1679<\/strong><\/p>\n<p style=\"text-align: center;\"><img decoding=\"async\" title=\"\" src=\"https:\/\/lesmaconsdelacreuse.fr\/annuaire\/wp-content\/uploads\/2019\/08\/image1-1056.jpg\" alt=\"\" data-asset-id=\"37096\" data-source-id=\"i.0\" \/><\/p>\n<h4 style=\"text-align: center;\"><span style=\"color: #008000;\"><strong>ma\u00e7on <\/strong>et<strong> cultivateur<\/strong><\/span><\/h4>\n<p style=\"text-align: center;\">n\u00e9 dans la paroisse de Roy\u00e8re<\/p>\n<p style=\"text-align: center;\">baptis\u00e9 \u00e0 Roy\u00e8re le 19 novembre 1649<\/p>\n<p style=\"text-align: center;\">fils de<\/p>\n<p style=\"text-align: center;\">Gilbert MAZEAU \/ L\u00e9onarde DARFEUILLE<\/p>\n<p style=\"text-align: center;\"><span style=\"color: #ffffff;\">\u25d9<\/span><\/p>\n<p><em>Jean \u00e9pouse Louise <\/em><strong>PONSAUD<\/strong><em>.<\/em><\/p>\n<p><em> Ils habitent Jeansanas.<\/em><\/p>\n<p><em>Louise d\u00e9c\u00e8de \u00e0 Jeansanas le 6 septembre <\/em><strong>1679<\/strong><em>, \u00e2g\u00e9e de 28 ans.<\/em><\/p>\n<p>S17<\/p>\n","protected":false},"excerpt":{"rendered":"<p>Mis \u00e0 jour le : 25\/04\/2026Jean MAZEAU 1649 \u2013 apr\u00e8s 1679 ma\u00e7on et cultivateur n\u00e9 dans la paroisse de Roy\u00e8re baptis\u00e9 \u00e0 Roy\u00e8re le 19 novembre 1649 fils de Gilbert MAZEAU \/ L\u00e9onarde DARFEUILLE \u25d9 Jean \u00e9pouse Louise PONSAUD. Ils habitent Jeansanas. Louise d\u00e9c\u00e8de \u00e0 Jeansanas le 6 septembre 1679, \u00e2g\u00e9e de 2..<\/p>\n<div class=\"clear-fix\"><\/div>\n<p><a href=\"https:\/\/www.lesmaconsdelacreuse.fr\/annuaires\/lettre-m\/m_432\/\" title=\"Lire la suite...\">Lire la suite<\/a><\/p>\n","protected":false},"author":2,"featured_media":0,"comment_status":"closed","ping_status":"closed","sticky":false,"template":"","format":"standard","meta":{"_acf_changed":false,"_exactmetrics_skip_tracking":false,"_exactmetrics_sitenote_active":false,"_exactmetrics_sitenote_note":"","_exactmetrics_sitenote_category":0,"footnotes":""},"categories":[14],"tags":[],"class_list":["post-37099","post","type-post","status-publish","format-standard","hentry","category-lettre-m"],"acf":[],"_links":{"self":[{"href":"https:\/\/www.lesmaconsdelacreuse.fr\/annuaires\/wp-json\/wp\/v2\/posts\/37099","targetHints":{"allow":["GET"]}}],"collection":[{"href":"https:\/\/www.lesmaconsdelacreuse.fr\/annuaires\/wp-json\/wp\/v2\/posts"}],"about":[{"href":"https:\/\/www.lesmaconsdelacreuse.fr\/annuaires\/wp-json\/wp\/v2\/types\/post"}],"author":[{"embeddable":true,"href":"https:\/\/www.lesmaconsdelacreuse.fr\/annuaires\/wp-json\/wp\/v2\/users\/2"}],"replies":[{"embeddable":true,"href":"https:\/\/www.lesmaconsdelacreuse.fr\/annuaires\/wp-json\/wp\/v2\/comments?post=37099"}],"version-history":[{"count":1,"href":"https:\/\/www.lesmaconsdelacreuse.fr\/annuaires\/wp-json\/wp\/v2\/posts\/37099\/revisions"}],"predecessor-version":[{"id":203073,"href":"https:\/\/www.lesmaconsdelacreuse.fr\/annuaires\/wp-json\/wp\/v2\/posts\/37099\/revisions\/203073"}],"wp:attachment":[{"href":"https:\/\/www.lesmaconsdelacreuse.fr\/annuaires\/wp-json\/wp\/v2\/media?parent=37099"}],"wp:term":[{"taxonomy":"category","embeddable":true,"href":"https:\/\/www.lesmaconsdelacreuse.fr\/annuaires\/wp-json\/wp\/v2\/categories?post=37099"},{"taxonomy":"post_tag","embeddable":true,"href":"https:\/\/www.lesmaconsdelacreuse.fr\/annuaires\/wp-json\/wp\/v2\/tags?post=37099"}],"curies":[{"name":"wp","href":"https:\/\/api.w.org\/{rel}","templated":true}]}}