{"id":37105,"date":"2019-08-04T17:23:58","date_gmt":"2019-08-04T15:23:58","guid":{"rendered":"http:\/\/lesmaconsdelacreuse.fr\/annuaire\/?p=37105"},"modified":"2020-01-20T11:07:13","modified_gmt":"2020-01-20T10:07:13","slug":"m_429","status":"publish","type":"post","link":"https:\/\/www.lesmaconsdelacreuse.fr\/annuaires\/lettre-m\/m_429\/","title":{"rendered":"MAZAUD Fran\u00e7ois (1880-1915)"},"content":{"rendered":"<p class=\"last-updated\"><strong>Mis \u00e0 jour le :<\/strong> 25\/04\/2026<\/p><h2 style=\"text-align: center;\"><strong>Fran\u00e7ois MAZAUD<\/strong><\/h2>\n<p style=\"text-align: center;\"><strong>1880 &#8211; 1915<\/strong><\/p>\n<p style=\"text-align: center;\"><img decoding=\"async\" title=\"\" src=\"https:\/\/lesmaconsdelacreuse.fr\/annuaire\/wp-content\/uploads\/2019\/08\/image1-1058.jpg\" alt=\"\" data-asset-id=\"37103\" data-source-id=\"i.0\" \/><\/p>\n<h4 style=\"text-align: center;\"><span style=\"color: #008000;\"><strong>ma\u00e7on<\/strong><\/span><\/h4>\n<p style=\"text-align: center;\">n\u00e9 \u00e0 Auzoux (Roy\u00e8re)<\/p>\n<p style=\"text-align: center;\">le 15 septembre 1880<\/p>\n<p style=\"text-align: center;\">fils de<\/p>\n<p style=\"text-align: center;\">Jean MAZAUD, <span style=\"color: #008000;\"><strong>ma\u00e7on <\/strong><\/span><strong>\/ <\/strong>Marie LEROUDIER<\/p>\n<p style=\"text-align: center;\">propri\u00e9taires cultivateurs<\/p>\n<p style=\"text-align: center;\"><span style=\"color: #ffffff;\">\u25d9<\/span><\/p>\n<p><strong>En 1901<\/strong><em>, Fran\u00e7ois est exempt\u00e9 de service militaire comme soutien de famille.<\/em><\/p>\n<p><em>Il travaille \u00e0 <\/em><span style=\"color: #0000ff;\"><strong>Lyon (69)\u00a0<\/strong><\/span><em>et loge\u00a0:<\/em><\/p>\n<p><strong>en 1904<\/strong><em>, 21, rue du Mail\u00a0;<\/em><\/p>\n<p><strong>en 1907<\/strong><em>, 38, chemin Saint-Mathieu.<\/em><\/p>\n<p><em> Il \u00e9pouse Marie-Louise <\/em><strong>MARTINAUD <\/strong><em>le 27 f\u00e9vrier <\/em><strong>1909<\/strong><em> \u00e0 Roy\u00e8re (contrat Toumieux). <\/em><\/p>\n<p><strong>En 1910 et 1911<\/strong><em>, le couple habite Lyon, 38, chemin des Alouettes, 3e arrondissement\u00a0;<\/em><\/p>\n<p><strong>en 1914<\/strong><em>, 1, rue des Ma\u00e7ons. <\/em><\/p>\n<p><em>Soldat au 63e R\u00e9giment d\u2019Infanterie, Fran\u00e7ois d\u00e9c\u00e8de tu\u00e9 \u00e0 l\u2019ennemi le 25 novembre <\/em><strong>1915<\/strong> <em>\u00e0 Th\u00e9lus, dans le Pas-de-Calais, \u00e2g\u00e9 de 35 ans.<\/em><\/p>\n<p><em>Sa veuve d\u00e9c\u00e8de \u00e0 Bourganeuf le 20 novembre <\/em>1920<em>, \u00e2g\u00e9e de 33 ans.<\/em><\/p>\n","protected":false},"excerpt":{"rendered":"<p>Mis \u00e0 jour le : 25\/04\/2026Fran\u00e7ois MAZAUD 1880 &#8211; 1915 ma\u00e7on n\u00e9 \u00e0 Auzoux (Roy\u00e8re) le 15 septembre 1880 fils de Jean MAZAUD, ma\u00e7on \/ Marie LEROUDIER propri\u00e9taires cultivateurs \u25d9 En 1901, Fran\u00e7ois est exempt\u00e9 de service militaire comme soutien de famille. Il travaille \u00e0 Lyon (69)\u00a0et loge\u00a0: en 1904, 21, rue du Mail\u00a0; en ..<\/p>\n<div class=\"clear-fix\"><\/div>\n<p><a href=\"https:\/\/www.lesmaconsdelacreuse.fr\/annuaires\/lettre-m\/m_429\/\" title=\"Lire la suite...\">Lire la suite<\/a><\/p>\n","protected":false},"author":2,"featured_media":0,"comment_status":"closed","ping_status":"closed","sticky":false,"template":"","format":"standard","meta":{"_acf_changed":false,"_exactmetrics_skip_tracking":false,"_exactmetrics_sitenote_active":false,"_exactmetrics_sitenote_note":"","_exactmetrics_sitenote_category":0,"footnotes":""},"categories":[14],"tags":[],"class_list":["post-37105","post","type-post","status-publish","format-standard","hentry","category-lettre-m"],"acf":[],"_links":{"self":[{"href":"https:\/\/www.lesmaconsdelacreuse.fr\/annuaires\/wp-json\/wp\/v2\/posts\/37105","targetHints":{"allow":["GET"]}}],"collection":[{"href":"https:\/\/www.lesmaconsdelacreuse.fr\/annuaires\/wp-json\/wp\/v2\/posts"}],"about":[{"href":"https:\/\/www.lesmaconsdelacreuse.fr\/annuaires\/wp-json\/wp\/v2\/types\/post"}],"author":[{"embeddable":true,"href":"https:\/\/www.lesmaconsdelacreuse.fr\/annuaires\/wp-json\/wp\/v2\/users\/2"}],"replies":[{"embeddable":true,"href":"https:\/\/www.lesmaconsdelacreuse.fr\/annuaires\/wp-json\/wp\/v2\/comments?post=37105"}],"version-history":[{"count":0,"href":"https:\/\/www.lesmaconsdelacreuse.fr\/annuaires\/wp-json\/wp\/v2\/posts\/37105\/revisions"}],"wp:attachment":[{"href":"https:\/\/www.lesmaconsdelacreuse.fr\/annuaires\/wp-json\/wp\/v2\/media?parent=37105"}],"wp:term":[{"taxonomy":"category","embeddable":true,"href":"https:\/\/www.lesmaconsdelacreuse.fr\/annuaires\/wp-json\/wp\/v2\/categories?post=37105"},{"taxonomy":"post_tag","embeddable":true,"href":"https:\/\/www.lesmaconsdelacreuse.fr\/annuaires\/wp-json\/wp\/v2\/tags?post=37105"}],"curies":[{"name":"wp","href":"https:\/\/api.w.org\/{rel}","templated":true}]}}