{"id":37109,"date":"2019-08-04T17:23:22","date_gmt":"2019-08-04T15:23:22","guid":{"rendered":"http:\/\/lesmaconsdelacreuse.fr\/annuaire\/?p=37109"},"modified":"2020-01-20T11:07:14","modified_gmt":"2020-01-20T10:07:14","slug":"m_500","status":"publish","type":"post","link":"https:\/\/www.lesmaconsdelacreuse.fr\/annuaires\/lettre-m\/m_500\/","title":{"rendered":"MEAUME Denis (1823-1897)"},"content":{"rendered":"<p class=\"last-updated\"><strong>Mis \u00e0 jour le :<\/strong> 25\/04\/2026<\/p><h2 style=\"text-align: center;\"><strong>Denis MEAUME<\/strong><\/h2>\n<p style=\"text-align: center;\"><strong>1823 &#8211; 1897<\/strong><\/p>\n<p style=\"text-align: center;\"><img decoding=\"async\" title=\"\" src=\"https:\/\/lesmaconsdelacreuse.fr\/annuaire\/wp-content\/uploads\/2019\/08\/image1-1059.jpg\" alt=\"\" data-asset-id=\"37108\" data-source-id=\"i.0\" \/><\/p>\n<h4 style=\"text-align: center;\"><strong><span style=\"color: #008000;\">ma\u00e7on<\/span> <\/strong><span style=\"color: #008000;\">et<strong> cultivateur<\/strong><\/span><\/h4>\n<p style=\"text-align: center;\">n\u00e9 \u00e0 La Borderie (Le Compeix)<\/p>\n<p style=\"text-align: center;\">le 1er juin 1823<\/p>\n<p style=\"text-align: center;\">fils de<\/p>\n<p style=\"text-align: center;\">Jean-Baptiste MEAUME, <span style=\"color: #008000;\"><strong>ma\u00e7on <\/strong><\/span><strong>\/ <\/strong>Anne LEBLANC<\/p>\n<p style=\"text-align: center;\">propri\u00e9taires cultivateurs<\/p>\n<p style=\"text-align: center;\"><span style=\"color: #ffffff;\">\u25d9<\/span><\/p>\n<p><em>Denis \u00e9pouse Annette <\/em><strong>MASFAYOUX<\/strong><em> le 11 f\u00e9vrier <\/em><strong>1850<\/strong><em> \u00e0 Saint-Pierre (contrat Berger \u00e0 Bourganeuf). Ils habitent le bourg du Compeix, commune de Saint-Pierre.<\/em><\/p>\n<p><strong>En 1851<\/strong><em>, Denis travaille \u00e0 <\/em><span style=\"color: #0000ff;\"><strong>Lyon (69)<\/strong><\/span><em>. <\/em><\/p>\n<p><em>Annette d\u00e9c\u00e8de au Compeix le 19 novembre <\/em><strong>1861<\/strong><em>, \u00e2g\u00e9e de 30 ans. <\/em><\/p>\n<p><em>Denis se remarie avec Th\u00e9r\u00e8se <\/em><strong>LEGRAND<\/strong><em> le 29 f\u00e9vrier <\/em><strong>1864<\/strong><em> \u00e0 Saint-Pierre (contrat Toumieux \u00e0 Roy\u00e8re).<\/em><\/p>\n<p><em> Ils d\u00e9c\u00e8dent au Compeix\u00a0:<\/em><\/p>\n<ul>\n<li><em>Th\u00e9r\u00e8se, le 18 ao\u00fbt <\/em><strong>1885<\/strong><em>, \u00e2g\u00e9e de 66 ans<\/em><\/li>\n<li><em> Denis, le 15 d\u00e9cembre <\/em><strong>1897<\/strong><em>, \u00e2g\u00e9 de 74 ans<\/em><\/li>\n<\/ul>\n","protected":false},"excerpt":{"rendered":"<p>Mis \u00e0 jour le : 25\/04\/2026Denis MEAUME 1823 &#8211; 1897 ma\u00e7on et cultivateur n\u00e9 \u00e0 La Borderie (Le Compeix) le 1er juin 1823 fils de Jean-Baptiste MEAUME, ma\u00e7on \/ Anne LEBLANC propri\u00e9taires cultivateurs \u25d9 Denis \u00e9pouse Annette MASFAYOUX le 11 f\u00e9vrier 1850 \u00e0 Saint-Pierre (contrat Berger \u00e0 Bourganeuf). Ils habitent le bourg du Compeix, commune ..<\/p>\n<div class=\"clear-fix\"><\/div>\n<p><a href=\"https:\/\/www.lesmaconsdelacreuse.fr\/annuaires\/lettre-m\/m_500\/\" title=\"Lire la suite...\">Lire la suite<\/a><\/p>\n","protected":false},"author":2,"featured_media":0,"comment_status":"closed","ping_status":"closed","sticky":false,"template":"","format":"standard","meta":{"_acf_changed":false,"_exactmetrics_skip_tracking":false,"_exactmetrics_sitenote_active":false,"_exactmetrics_sitenote_note":"","_exactmetrics_sitenote_category":0,"footnotes":""},"categories":[14],"tags":[],"class_list":["post-37109","post","type-post","status-publish","format-standard","hentry","category-lettre-m"],"acf":[],"_links":{"self":[{"href":"https:\/\/www.lesmaconsdelacreuse.fr\/annuaires\/wp-json\/wp\/v2\/posts\/37109","targetHints":{"allow":["GET"]}}],"collection":[{"href":"https:\/\/www.lesmaconsdelacreuse.fr\/annuaires\/wp-json\/wp\/v2\/posts"}],"about":[{"href":"https:\/\/www.lesmaconsdelacreuse.fr\/annuaires\/wp-json\/wp\/v2\/types\/post"}],"author":[{"embeddable":true,"href":"https:\/\/www.lesmaconsdelacreuse.fr\/annuaires\/wp-json\/wp\/v2\/users\/2"}],"replies":[{"embeddable":true,"href":"https:\/\/www.lesmaconsdelacreuse.fr\/annuaires\/wp-json\/wp\/v2\/comments?post=37109"}],"version-history":[{"count":0,"href":"https:\/\/www.lesmaconsdelacreuse.fr\/annuaires\/wp-json\/wp\/v2\/posts\/37109\/revisions"}],"wp:attachment":[{"href":"https:\/\/www.lesmaconsdelacreuse.fr\/annuaires\/wp-json\/wp\/v2\/media?parent=37109"}],"wp:term":[{"taxonomy":"category","embeddable":true,"href":"https:\/\/www.lesmaconsdelacreuse.fr\/annuaires\/wp-json\/wp\/v2\/categories?post=37109"},{"taxonomy":"post_tag","embeddable":true,"href":"https:\/\/www.lesmaconsdelacreuse.fr\/annuaires\/wp-json\/wp\/v2\/tags?post=37109"}],"curies":[{"name":"wp","href":"https:\/\/api.w.org\/{rel}","templated":true}]}}