{"id":37113,"date":"2019-08-04T17:23:22","date_gmt":"2019-08-04T15:23:22","guid":{"rendered":"http:\/\/lesmaconsdelacreuse.fr\/annuaire\/?p=37113"},"modified":"2020-01-20T11:07:14","modified_gmt":"2020-01-20T10:07:14","slug":"m_411","status":"publish","type":"post","link":"https:\/\/www.lesmaconsdelacreuse.fr\/annuaires\/lettre-m\/m_411\/","title":{"rendered":"MAURY Michel (1836\u20131898)"},"content":{"rendered":"<p class=\"last-updated\"><strong>Mis \u00e0 jour le :<\/strong> 25\/04\/2026<\/p><h2 style=\"text-align: center;\"><strong>Michel MAURY<\/strong><\/h2>\n<p style=\"text-align: center;\"><strong>1836 \u2013 1898<\/strong><\/p>\n<p style=\"text-align: center;\"><img decoding=\"async\" title=\"\" src=\"https:\/\/lesmaconsdelacreuse.fr\/annuaire\/wp-content\/uploads\/2019\/08\/image1-1061.jpg\" alt=\"\" data-asset-id=\"37112\" data-source-id=\"i.0\" \/><\/p>\n<h4 style=\"text-align: center;\"><span style=\"color: #008000;\"><strong>ma\u00e7on<\/strong><\/span><\/h4>\n<p style=\"text-align: center;\">n\u00e9 \u00e0 Cl\u00e9dat (Saint-Julien-le-Petit &#8211; 87)<\/p>\n<p style=\"text-align: center;\">14 janvier 1836<\/p>\n<p style=\"text-align: center;\">fils de<\/p>\n<p style=\"text-align: center;\">L\u00e9onard MAURY \/ Catherine DUTHEIL<\/p>\n<p style=\"text-align: center;\"><span style=\"color: #ffffff;\">\u25d9<\/span><\/p>\n<p><em>Michel \u00e9pouse Marie <\/em><strong>LEROUSSEAU<\/strong><em> le 3 f\u00e9vrier <\/em><strong>1862<\/strong> <em>\u00e0 Augne (87 \u2013 contrat Tramonteil \u00e0 Peyrat-le-Ch\u00e2teau). <\/em><\/p>\n<p><em>Ils d\u00e9c\u00e8dent\u00a0:<\/em><\/p>\n<ul>\n<li><em>Marie, \u00e0 Saint-Moreil le 23 ao\u00fbt <\/em><strong>1881<\/strong><em>, \u00e2g\u00e9e de 43 ans<\/em><\/li>\n<li><em>Michel, \u00e0 Naugeat (87), mais domicili\u00e9 \u00e0 Saint-Junien-la-Breg\u00e8re, le 29 mai <\/em><strong>1898<\/strong><em>, \u00e2g\u00e9 de 62 ans<\/em><\/li>\n<\/ul>\n","protected":false},"excerpt":{"rendered":"<p>Mis \u00e0 jour le : 25\/04\/2026Michel MAURY 1836 \u2013 1898 ma\u00e7on n\u00e9 \u00e0 Cl\u00e9dat (Saint-Julien-le-Petit &#8211; 87) 14 janvier 1836 fils de L\u00e9onard MAURY \/ Catherine DUTHEIL \u25d9 Michel \u00e9pouse Marie LEROUSSEAU le 3 f\u00e9vrier 1862 \u00e0 Augne (87 \u2013 contrat Tramonteil \u00e0 Peyrat-le-Ch\u00e2teau). Ils d\u00e9c\u00e8dent\u00a0: Marie, \u00e0 Saint-Moreil le 23 ao\u00fbt 1881, \u00e2g\u00e9e de ..<\/p>\n<div class=\"clear-fix\"><\/div>\n<p><a href=\"https:\/\/www.lesmaconsdelacreuse.fr\/annuaires\/lettre-m\/m_411\/\" title=\"Lire la suite...\">Lire la suite<\/a><\/p>\n","protected":false},"author":2,"featured_media":0,"comment_status":"closed","ping_status":"closed","sticky":false,"template":"","format":"standard","meta":{"_acf_changed":false,"_exactmetrics_skip_tracking":false,"_exactmetrics_sitenote_active":false,"_exactmetrics_sitenote_note":"","_exactmetrics_sitenote_category":0,"footnotes":""},"categories":[14],"tags":[],"class_list":["post-37113","post","type-post","status-publish","format-standard","hentry","category-lettre-m"],"acf":[],"_links":{"self":[{"href":"https:\/\/www.lesmaconsdelacreuse.fr\/annuaires\/wp-json\/wp\/v2\/posts\/37113","targetHints":{"allow":["GET"]}}],"collection":[{"href":"https:\/\/www.lesmaconsdelacreuse.fr\/annuaires\/wp-json\/wp\/v2\/posts"}],"about":[{"href":"https:\/\/www.lesmaconsdelacreuse.fr\/annuaires\/wp-json\/wp\/v2\/types\/post"}],"author":[{"embeddable":true,"href":"https:\/\/www.lesmaconsdelacreuse.fr\/annuaires\/wp-json\/wp\/v2\/users\/2"}],"replies":[{"embeddable":true,"href":"https:\/\/www.lesmaconsdelacreuse.fr\/annuaires\/wp-json\/wp\/v2\/comments?post=37113"}],"version-history":[{"count":0,"href":"https:\/\/www.lesmaconsdelacreuse.fr\/annuaires\/wp-json\/wp\/v2\/posts\/37113\/revisions"}],"wp:attachment":[{"href":"https:\/\/www.lesmaconsdelacreuse.fr\/annuaires\/wp-json\/wp\/v2\/media?parent=37113"}],"wp:term":[{"taxonomy":"category","embeddable":true,"href":"https:\/\/www.lesmaconsdelacreuse.fr\/annuaires\/wp-json\/wp\/v2\/categories?post=37113"},{"taxonomy":"post_tag","embeddable":true,"href":"https:\/\/www.lesmaconsdelacreuse.fr\/annuaires\/wp-json\/wp\/v2\/tags?post=37113"}],"curies":[{"name":"wp","href":"https:\/\/api.w.org\/{rel}","templated":true}]}}