{"id":37120,"date":"2019-08-04T17:23:21","date_gmt":"2019-08-04T15:23:21","guid":{"rendered":"http:\/\/lesmaconsdelacreuse.fr\/annuaire\/?p=37120"},"modified":"2021-12-10T18:29:38","modified_gmt":"2021-12-10T17:29:38","slug":"m_402","status":"publish","type":"post","link":"https:\/\/www.lesmaconsdelacreuse.fr\/annuaires\/lettre-m\/m_402\/","title":{"rendered":"MAURY Eug\u00e8ne Alexandre (1891-1955)"},"content":{"rendered":"<p class=\"last-updated\"><strong>Mis \u00e0 jour le :<\/strong> 25\/04\/2026<\/p><h2 style=\"text-align: center;\"><strong>Eug\u00e8ne Alexandre MAURY<\/strong><\/h2>\n<p>&nbsp;<\/p>\n<p style=\"text-align: center;\"><strong>1891 &#8211; 1955<\/strong><\/p>\n<p style=\"text-align: center;\"><img decoding=\"async\" title=\"\" src=\"https:\/\/lesmaconsdelacreuse.fr\/annuaire\/wp-content\/uploads\/2019\/08\/image1-1063.jpg\" alt=\"\" data-asset-id=\"37118\" data-source-id=\"i.0\" \/><\/p>\n<h4 style=\"text-align: center;\"><span style=\"color: #008000;\"><strong>ma\u00e7on <\/strong>et<strong> cultivateur<\/strong><\/span><\/h4>\n<p style=\"text-align: center;\">n\u00e9 \u00e0 Confolent (Banize)<\/p>\n<p style=\"text-align: center;\">le 12 mars 1891<\/p>\n<p style=\"text-align: center;\">fils naturel de<\/p>\n<p style=\"text-align: center;\">L\u00e9ontine MAURY, cultivatrice<\/p>\n<p style=\"text-align: center;\"><span style=\"color: #ffffff;\">\u25d9<\/span><\/p>\n<p><em> Eug\u00e8ne \u00e9pouse Marie-Louise Philom\u00e8ne <\/em><strong>LECLERC<\/strong><em>, <a href=\"https:\/\/www.lesmaconsdelacreuse.fr\/annuaires\/wp-content\/uploads\/2019\/08\/MODISTE.png\" target=\"_blank\" rel=\"noopener noreferrer\">\u25bamodiste<\/a>, le 23 f\u00e9vrier <\/em><strong>1920<\/strong><em> au Monteil-au-Vicomte.<\/em><\/p>\n<p><em>Ils habitent le bourg du Monteil.<\/em><\/p>\n<p>Les \u00e9poux y d\u00e9c\u00e8dent:<\/p>\n<ul>\n<li><em>Marie\u00a0 le 25 mai<\/em> <strong>1935<\/strong>, <em>\u00e2g\u00e9e de 41 ans.<\/em><\/li>\n<li><em>Eug\u00e8ne le 29 octobre<\/em> <strong>1955<\/strong>, <em>\u00e2g\u00e9 de 64 ans<\/em><\/li>\n<\/ul>\n<p>&nbsp;<\/p>\n","protected":false},"excerpt":{"rendered":"<p>Mis \u00e0 jour le : 25\/04\/2026Eug\u00e8ne Alexandre MAURY &nbsp; 1891 &#8211; 1955 ma\u00e7on et cultivateur n\u00e9 \u00e0 Confolent (Banize) le 12 mars 1891 fils naturel de L\u00e9ontine MAURY, cultivatrice \u25d9 Eug\u00e8ne \u00e9pouse Marie-Louise Philom\u00e8ne LECLERC, \u25bamodiste, le 23 f\u00e9vrier 1920 au Monteil-au-Vicomte. Ils habitent le bourg du Monteil. Les \u00e9poux y d\u00e9c\u00e8dent: Marie\u00a0 le 25 ..<\/p>\n<div class=\"clear-fix\"><\/div>\n<p><a href=\"https:\/\/www.lesmaconsdelacreuse.fr\/annuaires\/lettre-m\/m_402\/\" title=\"Lire la suite...\">Lire la suite<\/a><\/p>\n","protected":false},"author":2,"featured_media":0,"comment_status":"closed","ping_status":"closed","sticky":false,"template":"","format":"standard","meta":{"_acf_changed":false,"_exactmetrics_skip_tracking":false,"_exactmetrics_sitenote_active":false,"_exactmetrics_sitenote_note":"","_exactmetrics_sitenote_category":0,"footnotes":""},"categories":[14],"tags":[],"class_list":["post-37120","post","type-post","status-publish","format-standard","hentry","category-lettre-m"],"acf":[],"_links":{"self":[{"href":"https:\/\/www.lesmaconsdelacreuse.fr\/annuaires\/wp-json\/wp\/v2\/posts\/37120","targetHints":{"allow":["GET"]}}],"collection":[{"href":"https:\/\/www.lesmaconsdelacreuse.fr\/annuaires\/wp-json\/wp\/v2\/posts"}],"about":[{"href":"https:\/\/www.lesmaconsdelacreuse.fr\/annuaires\/wp-json\/wp\/v2\/types\/post"}],"author":[{"embeddable":true,"href":"https:\/\/www.lesmaconsdelacreuse.fr\/annuaires\/wp-json\/wp\/v2\/users\/2"}],"replies":[{"embeddable":true,"href":"https:\/\/www.lesmaconsdelacreuse.fr\/annuaires\/wp-json\/wp\/v2\/comments?post=37120"}],"version-history":[{"count":3,"href":"https:\/\/www.lesmaconsdelacreuse.fr\/annuaires\/wp-json\/wp\/v2\/posts\/37120\/revisions"}],"predecessor-version":[{"id":193017,"href":"https:\/\/www.lesmaconsdelacreuse.fr\/annuaires\/wp-json\/wp\/v2\/posts\/37120\/revisions\/193017"}],"wp:attachment":[{"href":"https:\/\/www.lesmaconsdelacreuse.fr\/annuaires\/wp-json\/wp\/v2\/media?parent=37120"}],"wp:term":[{"taxonomy":"category","embeddable":true,"href":"https:\/\/www.lesmaconsdelacreuse.fr\/annuaires\/wp-json\/wp\/v2\/categories?post=37120"},{"taxonomy":"post_tag","embeddable":true,"href":"https:\/\/www.lesmaconsdelacreuse.fr\/annuaires\/wp-json\/wp\/v2\/tags?post=37120"}],"curies":[{"name":"wp","href":"https:\/\/api.w.org\/{rel}","templated":true}]}}