{"id":37121,"date":"2019-08-04T17:23:21","date_gmt":"2019-08-04T15:23:21","guid":{"rendered":"http:\/\/lesmaconsdelacreuse.fr\/annuaire\/?p=37121"},"modified":"2022-04-17T10:37:53","modified_gmt":"2022-04-17T08:37:53","slug":"m_346","status":"publish","type":"post","link":"https:\/\/www.lesmaconsdelacreuse.fr\/annuaires\/lettre-m\/m_346\/","title":{"rendered":"MATHIEUX L\u00e9onard (1862-1924)"},"content":{"rendered":"<p class=\"last-updated\"><strong>Mis \u00e0 jour le :<\/strong> 25\/04\/2026<\/p><h2 style=\"text-align: center;\"><strong>L\u00e9onard MATHIEUX<\/strong><\/h2>\n<p style=\"text-align: center;\"><strong>1862 &#8211; 1924<\/strong><\/p>\n<p style=\"text-align: center;\"><img decoding=\"async\" title=\"\" src=\"https:\/\/lesmaconsdelacreuse.fr\/annuaire\/wp-content\/uploads\/2019\/08\/image1-1064.jpg\" alt=\"\" data-asset-id=\"37119\" data-source-id=\"i.0\" \/><\/p>\n<h4 style=\"text-align: center;\"><span style=\"color: #008000;\"><strong>ma\u00e7on <\/strong>et<strong> cultivateur<\/strong><\/span><\/h4>\n<p style=\"text-align: center;\">n\u00e9 \u00e0 La Faux (Bujaleuf &#8211; 87)<\/p>\n<p style=\"text-align: center;\">le 19 juin 1862<\/p>\n<p style=\"text-align: center;\">fils de<\/p>\n<p style=\"text-align: center;\">Pierre MATHIEUX \/ Marguerite JALOUNEIX<\/p>\n<p style=\"text-align: center;\">cultivateurs<\/p>\n<p style=\"text-align: center;\"><span style=\"color: #ffffff;\">\u25d9<\/span><\/p>\n<p><em>L\u00e9onard \u00e9pouse Marie <\/em><strong>BEAUVAIS<\/strong> <em>le 30 juin <\/em><strong>1885<\/strong> <em>\u00e0 Bujaleuf (87). <\/em><\/p>\n<p><em>Ils habitent Montal\u00e9tang, puis le Montingo\u00fbt, commune de Saint-Moreil. <\/em><\/p>\n<p><em>Ils d\u00e9c\u00e8dent\u00a0:<\/em><\/p>\n<p><em>\u2022\u00a0 L\u00e9onard, \u00e0 Favareillas, commune de Saint-Martin-Ch\u00e2teau, le 9 novembre <\/em><strong>1924<\/strong><em>, \u00e2g\u00e9 de 62 ans<\/em><\/p>\n<p><em>\u2022\u00a0 Marie, au Massoubrot, m\u00eame commune, le 3 avril <\/em><strong>1932<\/strong><em>, \u00e2g\u00e9e de 66 ans<\/em><\/p>\n","protected":false},"excerpt":{"rendered":"<p>Mis \u00e0 jour le : 25\/04\/2026L\u00e9onard MATHIEUX 1862 &#8211; 1924 ma\u00e7on et cultivateur n\u00e9 \u00e0 La Faux (Bujaleuf &#8211; 87) le 19 juin 1862 fils de Pierre MATHIEUX \/ Marguerite JALOUNEIX cultivateurs \u25d9 L\u00e9onard \u00e9pouse Marie BEAUVAIS le 30 juin 1885 \u00e0 Bujaleuf (87). Ils habitent Montal\u00e9tang, puis le Montingo\u00fbt, commune de Saint-Moreil. Ils d\u00e9c\u00e8dent\u00a0: ..<\/p>\n<div class=\"clear-fix\"><\/div>\n<p><a href=\"https:\/\/www.lesmaconsdelacreuse.fr\/annuaires\/lettre-m\/m_346\/\" title=\"Lire la suite...\">Lire la suite<\/a><\/p>\n","protected":false},"author":2,"featured_media":0,"comment_status":"closed","ping_status":"closed","sticky":false,"template":"","format":"standard","meta":{"_acf_changed":false,"_exactmetrics_skip_tracking":false,"_exactmetrics_sitenote_active":false,"_exactmetrics_sitenote_note":"","_exactmetrics_sitenote_category":0,"footnotes":""},"categories":[14],"tags":[],"class_list":["post-37121","post","type-post","status-publish","format-standard","hentry","category-lettre-m"],"acf":[],"_links":{"self":[{"href":"https:\/\/www.lesmaconsdelacreuse.fr\/annuaires\/wp-json\/wp\/v2\/posts\/37121","targetHints":{"allow":["GET"]}}],"collection":[{"href":"https:\/\/www.lesmaconsdelacreuse.fr\/annuaires\/wp-json\/wp\/v2\/posts"}],"about":[{"href":"https:\/\/www.lesmaconsdelacreuse.fr\/annuaires\/wp-json\/wp\/v2\/types\/post"}],"author":[{"embeddable":true,"href":"https:\/\/www.lesmaconsdelacreuse.fr\/annuaires\/wp-json\/wp\/v2\/users\/2"}],"replies":[{"embeddable":true,"href":"https:\/\/www.lesmaconsdelacreuse.fr\/annuaires\/wp-json\/wp\/v2\/comments?post=37121"}],"version-history":[{"count":1,"href":"https:\/\/www.lesmaconsdelacreuse.fr\/annuaires\/wp-json\/wp\/v2\/posts\/37121\/revisions"}],"predecessor-version":[{"id":197818,"href":"https:\/\/www.lesmaconsdelacreuse.fr\/annuaires\/wp-json\/wp\/v2\/posts\/37121\/revisions\/197818"}],"wp:attachment":[{"href":"https:\/\/www.lesmaconsdelacreuse.fr\/annuaires\/wp-json\/wp\/v2\/media?parent=37121"}],"wp:term":[{"taxonomy":"category","embeddable":true,"href":"https:\/\/www.lesmaconsdelacreuse.fr\/annuaires\/wp-json\/wp\/v2\/categories?post=37121"},{"taxonomy":"post_tag","embeddable":true,"href":"https:\/\/www.lesmaconsdelacreuse.fr\/annuaires\/wp-json\/wp\/v2\/tags?post=37121"}],"curies":[{"name":"wp","href":"https:\/\/api.w.org\/{rel}","templated":true}]}}