{"id":37124,"date":"2019-08-04T17:23:21","date_gmt":"2019-08-04T15:23:21","guid":{"rendered":"http:\/\/lesmaconsdelacreuse.fr\/annuaire\/?p=37124"},"modified":"2022-06-07T08:52:11","modified_gmt":"2022-06-07T06:52:11","slug":"m_420","status":"publish","type":"post","link":"https:\/\/www.lesmaconsdelacreuse.fr\/annuaires\/lettre-m\/m_420\/","title":{"rendered":"MAZEL\u00c9RAS Pierre (1881\u20131965)"},"content":{"rendered":"<p class=\"last-updated\"><strong>Mis \u00e0 jour le :<\/strong> 25\/04\/2026<\/p><h2 style=\"text-align: center;\"><strong>Pierre MAZEL\u00c9RAS<\/strong><\/h2>\n<p style=\"text-align: center;\"><strong>1881 \u2013 1965<\/strong><\/p>\n<p><a href=\"https:\/\/www.lesmaconsdelacreuse.fr\/annuaires\/wp-content\/uploads\/2019\/08\/MAZELERAS-Pierre-1881.jpg\"><img loading=\"lazy\" decoding=\"async\" class=\"size-full wp-image-200073 aligncenter\" src=\"https:\/\/www.lesmaconsdelacreuse.fr\/annuaires\/wp-content\/uploads\/2019\/08\/MAZELERAS-Pierre-1881.jpg\" alt=\"\" width=\"220\" height=\"55\" srcset=\"https:\/\/www.lesmaconsdelacreuse.fr\/annuaires\/wp-content\/uploads\/2019\/08\/MAZELERAS-Pierre-1881.jpg 220w, https:\/\/www.lesmaconsdelacreuse.fr\/annuaires\/wp-content\/uploads\/2019\/08\/MAZELERAS-Pierre-1881-16x4.jpg 16w, https:\/\/www.lesmaconsdelacreuse.fr\/annuaires\/wp-content\/uploads\/2019\/08\/MAZELERAS-Pierre-1881-150x38.jpg 150w\" sizes=\"auto, (max-width: 220px) 100vw, 220px\" \/><\/a><\/p>\n<h4 style=\"text-align: center;\"><span style=\"color: #008000;\"><strong>ma\u00e7on<\/strong><\/span><\/h4>\n<p style=\"text-align: center;\">n\u00e9 au bourg du Monteil-au-Vicomte<\/p>\n<p style=\"text-align: center;\">le 26 d\u00e9cembre 1881<\/p>\n<p style=\"text-align: center;\">fils naturel de<\/p>\n<p style=\"text-align: center;\">Marie MAZEL\u00c9RAS, journali\u00e8re<\/p>\n<p style=\"text-align: center;\"><span style=\"color: #ffffff;\">\u25d9<\/span><\/p>\n<p><strong>En 1902<\/strong><em>, Pierre travaille dans la <\/em><span style=\"color: #0000ff;\"><strong>Seine (75)<\/strong><\/span><em> et y passe le conseil de r\u00e9vision.<\/em><\/p>\n<p><strong>En 1919<\/strong><em>, il habite Pradeix, commune de Saint-Hilaire-le-Ch\u00e2teau.<\/em><\/p>\n<p><em>\u00a0<\/em><em>Il \u00e9pouse Marie-Louise <\/em><strong>CHASSOUX<\/strong><em>, couturi\u00e8re, le 1<sup>er<\/sup> mai de la m\u00eame ann\u00e9e, \u00e0 Saint-Hilaire (mari\u00e9s sans contrat).<\/em><\/p>\n<p><em>Il y d\u00e9c\u00e8de le 14 f\u00e9vrier <\/em><strong>1965<\/strong><em>, \u00e2g\u00e9 de 83 ans.<\/em><\/p>\n","protected":false},"excerpt":{"rendered":"<p>Mis \u00e0 jour le : 25\/04\/2026Pierre MAZEL\u00c9RAS 1881 \u2013 1965 ma\u00e7on n\u00e9 au bourg du Monteil-au-Vicomte le 26 d\u00e9cembre 1881 fils naturel de Marie MAZEL\u00c9RAS, journali\u00e8re \u25d9 En 1902, Pierre travaille dans la Seine (75) et y passe le conseil de r\u00e9vision. En 1919, il habite Pradeix, commune de Saint-Hilaire-le-Ch\u00e2teau. \u00a0Il \u00e9pouse Marie-Louise CHASSOUX, couturi\u00e8re, ..<\/p>\n<div class=\"clear-fix\"><\/div>\n<p><a href=\"https:\/\/www.lesmaconsdelacreuse.fr\/annuaires\/lettre-m\/m_420\/\" title=\"Lire la suite...\">Lire la suite<\/a><\/p>\n","protected":false},"author":2,"featured_media":0,"comment_status":"closed","ping_status":"closed","sticky":false,"template":"","format":"standard","meta":{"_acf_changed":false,"_exactmetrics_skip_tracking":false,"_exactmetrics_sitenote_active":false,"_exactmetrics_sitenote_note":"","_exactmetrics_sitenote_category":0,"footnotes":""},"categories":[14],"tags":[],"class_list":["post-37124","post","type-post","status-publish","format-standard","hentry","category-lettre-m"],"acf":[],"_links":{"self":[{"href":"https:\/\/www.lesmaconsdelacreuse.fr\/annuaires\/wp-json\/wp\/v2\/posts\/37124","targetHints":{"allow":["GET"]}}],"collection":[{"href":"https:\/\/www.lesmaconsdelacreuse.fr\/annuaires\/wp-json\/wp\/v2\/posts"}],"about":[{"href":"https:\/\/www.lesmaconsdelacreuse.fr\/annuaires\/wp-json\/wp\/v2\/types\/post"}],"author":[{"embeddable":true,"href":"https:\/\/www.lesmaconsdelacreuse.fr\/annuaires\/wp-json\/wp\/v2\/users\/2"}],"replies":[{"embeddable":true,"href":"https:\/\/www.lesmaconsdelacreuse.fr\/annuaires\/wp-json\/wp\/v2\/comments?post=37124"}],"version-history":[{"count":2,"href":"https:\/\/www.lesmaconsdelacreuse.fr\/annuaires\/wp-json\/wp\/v2\/posts\/37124\/revisions"}],"predecessor-version":[{"id":200074,"href":"https:\/\/www.lesmaconsdelacreuse.fr\/annuaires\/wp-json\/wp\/v2\/posts\/37124\/revisions\/200074"}],"wp:attachment":[{"href":"https:\/\/www.lesmaconsdelacreuse.fr\/annuaires\/wp-json\/wp\/v2\/media?parent=37124"}],"wp:term":[{"taxonomy":"category","embeddable":true,"href":"https:\/\/www.lesmaconsdelacreuse.fr\/annuaires\/wp-json\/wp\/v2\/categories?post=37124"},{"taxonomy":"post_tag","embeddable":true,"href":"https:\/\/www.lesmaconsdelacreuse.fr\/annuaires\/wp-json\/wp\/v2\/tags?post=37124"}],"curies":[{"name":"wp","href":"https:\/\/api.w.org\/{rel}","templated":true}]}}