{"id":37128,"date":"2019-08-04T17:23:21","date_gmt":"2019-08-04T15:23:21","guid":{"rendered":"http:\/\/lesmaconsdelacreuse.fr\/annuaire\/?p=37128"},"modified":"2022-05-21T15:44:33","modified_gmt":"2022-05-21T13:44:33","slug":"m_406","status":"publish","type":"post","link":"https:\/\/www.lesmaconsdelacreuse.fr\/annuaires\/lettre-m\/m_406\/","title":{"rendered":"MAURY Jean (1814 &#8211; 1847)"},"content":{"rendered":"<p class=\"last-updated\"><strong>Mis \u00e0 jour le :<\/strong> 25\/04\/2026<\/p><h2 style=\"text-align: center;\"><strong>Jean MAURY<\/strong><\/h2>\n<p style=\"text-align: center;\"><strong>1814 &#8211; 1847<\/strong><\/p>\n<h4 style=\"text-align: center;\"><span style=\"color: #008000;\"><strong>ma\u00e7on<\/strong><\/span><em><span style=\"color: #008000;\">\u00a0<\/span> <\/em><\/h4>\n<p style=\"text-align: center;\">n\u00e9 \u00e0 Saint-Yriex-la-Montagne<\/p>\n<p style=\"text-align: center;\">le 14 d\u00e9cembre 1814<\/p>\n<p style=\"text-align: center;\">fils de<\/p>\n<p style=\"text-align: center;\">Jean MAURY et Antoinette LAVEIX<\/p>\n<p style=\"text-align: center;\"><span style=\"color: #ffffff;\">\u25d9<\/span><\/p>\n<p><strong>En 1837<\/strong><em><strong>,<\/strong> Jean habite Pramy, commune de Saint-Pierre-le-Bost, dans la propri\u00e9t\u00e9 de ses parents d\u00e9c\u00e9d\u00e9s. <\/em><\/p>\n<p><em>\u00a0<\/em><em>Il \u00e9pouse Marie <\/em><strong>C\u00c9ZEYRAT<\/strong><em> le 24 janvier de la m\u00eame ann\u00e9e \u00e0 Saint-Yriex. Ils habitent Pramy.<\/em><\/p>\n<p><strong>En 1838 et 1842<\/strong><em>, Jean travaille \u00e0 <\/em><span style=\"color: #0000ff;\"><strong>Lyon (69)<\/strong><\/span><em>.<\/em><\/p>\n<p><em> Il y d\u00e9c\u00e8de le 23 juin <\/em><strong>1847<\/strong><em> , \u00e2g\u00e9 de 32 ans.<\/em><\/p>\n","protected":false},"excerpt":{"rendered":"<p>Mis \u00e0 jour le : 25\/04\/2026Jean MAURY 1814 &#8211; 1847 ma\u00e7on\u00a0 n\u00e9 \u00e0 Saint-Yriex-la-Montagne le 14 d\u00e9cembre 1814 fils de Jean MAURY et Antoinette LAVEIX \u25d9 En 1837, Jean habite Pramy, commune de Saint-Pierre-le-Bost, dans la propri\u00e9t\u00e9 de ses parents d\u00e9c\u00e9d\u00e9s. \u00a0Il \u00e9pouse Marie C\u00c9ZEYRAT le 24 janvier de la m\u00eame ann\u00e9e \u00e0 Saint-Yriex. Ils ..<\/p>\n<div class=\"clear-fix\"><\/div>\n<p><a href=\"https:\/\/www.lesmaconsdelacreuse.fr\/annuaires\/lettre-m\/m_406\/\" title=\"Lire la suite...\">Lire la suite<\/a><\/p>\n","protected":false},"author":2,"featured_media":0,"comment_status":"closed","ping_status":"closed","sticky":false,"template":"","format":"standard","meta":{"_acf_changed":false,"_exactmetrics_skip_tracking":false,"_exactmetrics_sitenote_active":false,"_exactmetrics_sitenote_note":"","_exactmetrics_sitenote_category":0,"footnotes":""},"categories":[14],"tags":[],"class_list":["post-37128","post","type-post","status-publish","format-standard","hentry","category-lettre-m"],"acf":[],"_links":{"self":[{"href":"https:\/\/www.lesmaconsdelacreuse.fr\/annuaires\/wp-json\/wp\/v2\/posts\/37128","targetHints":{"allow":["GET"]}}],"collection":[{"href":"https:\/\/www.lesmaconsdelacreuse.fr\/annuaires\/wp-json\/wp\/v2\/posts"}],"about":[{"href":"https:\/\/www.lesmaconsdelacreuse.fr\/annuaires\/wp-json\/wp\/v2\/types\/post"}],"author":[{"embeddable":true,"href":"https:\/\/www.lesmaconsdelacreuse.fr\/annuaires\/wp-json\/wp\/v2\/users\/2"}],"replies":[{"embeddable":true,"href":"https:\/\/www.lesmaconsdelacreuse.fr\/annuaires\/wp-json\/wp\/v2\/comments?post=37128"}],"version-history":[{"count":2,"href":"https:\/\/www.lesmaconsdelacreuse.fr\/annuaires\/wp-json\/wp\/v2\/posts\/37128\/revisions"}],"predecessor-version":[{"id":199350,"href":"https:\/\/www.lesmaconsdelacreuse.fr\/annuaires\/wp-json\/wp\/v2\/posts\/37128\/revisions\/199350"}],"wp:attachment":[{"href":"https:\/\/www.lesmaconsdelacreuse.fr\/annuaires\/wp-json\/wp\/v2\/media?parent=37128"}],"wp:term":[{"taxonomy":"category","embeddable":true,"href":"https:\/\/www.lesmaconsdelacreuse.fr\/annuaires\/wp-json\/wp\/v2\/categories?post=37128"},{"taxonomy":"post_tag","embeddable":true,"href":"https:\/\/www.lesmaconsdelacreuse.fr\/annuaires\/wp-json\/wp\/v2\/tags?post=37128"}],"curies":[{"name":"wp","href":"https:\/\/api.w.org\/{rel}","templated":true}]}}