{"id":37132,"date":"2019-08-04T17:23:20","date_gmt":"2019-08-04T15:23:20","guid":{"rendered":"http:\/\/lesmaconsdelacreuse.fr\/annuaire\/?p=37132"},"modified":"2020-01-20T11:07:16","modified_gmt":"2020-01-20T10:07:16","slug":"m_340","status":"publish","type":"post","link":"https:\/\/www.lesmaconsdelacreuse.fr\/annuaires\/lettre-m\/m_340\/","title":{"rendered":"MATHIEU Gabriel (1899\u20131983)"},"content":{"rendered":"<p class=\"last-updated\"><strong>Mis \u00e0 jour le :<\/strong> 25\/04\/2026<\/p><h2 style=\"text-align: center;\"><strong>Gabriel MATHIEU<\/strong><\/h2>\n<p style=\"text-align: center;\"><strong>1899 \u2013 1983<\/strong><\/p>\n<h4 style=\"text-align: center;\"><span style=\"color: #008000;\"><strong>ma\u00e7on<\/strong><\/span><\/h4>\n<p style=\"text-align: center;\">n\u00e9 \u00e0 Chatreix (Saint-Julien-le-Petit &#8211; 87)<\/p>\n<p style=\"text-align: center;\">le 28 octobre 1899<\/p>\n<p style=\"text-align: center;\">fils de<\/p>\n<p style=\"text-align: center;\">Pierre MATHIEU \/ Catherine REDON<\/p>\n<p style=\"text-align: center;\">cultivateurs<\/p>\n<p style=\"text-align: center;\"><span style=\"color: #ffffff;\">\u25d9<\/span><\/p>\n<p><em>Gabriel habite Saint-Martin-Ch\u00e2teau avec son p\u00e8re. <\/em><\/p>\n<p><strong>En 1923<\/strong><em>, il est \u00e0 Glorieux, commune de <\/em><span style=\"color: #0000ff;\"><strong>Verdun (55)<\/strong><\/span><em>\u00a0;<\/em><\/p>\n<p><strong>en 1930<\/strong><em>, \u00e0 <\/em><span style=\"color: #0000ff;\"><strong>Thierville (55)<\/strong><\/span><em>, 3, rue de la Bonneterie. <\/em><\/p>\n<p><em>Il d\u00e9c\u00e8de \u00e0 Verdun le 21 avril <\/em><strong>1983<\/strong><em>, \u00e2g\u00e9 de 83 ans.<\/em><\/p>\n","protected":false},"excerpt":{"rendered":"<p>Mis \u00e0 jour le : 25\/04\/2026Gabriel MATHIEU 1899 \u2013 1983 ma\u00e7on n\u00e9 \u00e0 Chatreix (Saint-Julien-le-Petit &#8211; 87) le 28 octobre 1899 fils de Pierre MATHIEU \/ Catherine REDON cultivateurs \u25d9 Gabriel habite Saint-Martin-Ch\u00e2teau avec son p\u00e8re. En 1923, il est \u00e0 Glorieux, commune de Verdun (55)\u00a0; en 1930, \u00e0 Thierville (55), 3, rue de la ..<\/p>\n<div class=\"clear-fix\"><\/div>\n<p><a href=\"https:\/\/www.lesmaconsdelacreuse.fr\/annuaires\/lettre-m\/m_340\/\" title=\"Lire la suite...\">Lire la suite<\/a><\/p>\n","protected":false},"author":2,"featured_media":0,"comment_status":"closed","ping_status":"closed","sticky":false,"template":"","format":"standard","meta":{"_acf_changed":false,"_exactmetrics_skip_tracking":false,"_exactmetrics_sitenote_active":false,"_exactmetrics_sitenote_note":"","_exactmetrics_sitenote_category":0,"footnotes":""},"categories":[14],"tags":[],"class_list":["post-37132","post","type-post","status-publish","format-standard","hentry","category-lettre-m"],"acf":[],"_links":{"self":[{"href":"https:\/\/www.lesmaconsdelacreuse.fr\/annuaires\/wp-json\/wp\/v2\/posts\/37132","targetHints":{"allow":["GET"]}}],"collection":[{"href":"https:\/\/www.lesmaconsdelacreuse.fr\/annuaires\/wp-json\/wp\/v2\/posts"}],"about":[{"href":"https:\/\/www.lesmaconsdelacreuse.fr\/annuaires\/wp-json\/wp\/v2\/types\/post"}],"author":[{"embeddable":true,"href":"https:\/\/www.lesmaconsdelacreuse.fr\/annuaires\/wp-json\/wp\/v2\/users\/2"}],"replies":[{"embeddable":true,"href":"https:\/\/www.lesmaconsdelacreuse.fr\/annuaires\/wp-json\/wp\/v2\/comments?post=37132"}],"version-history":[{"count":0,"href":"https:\/\/www.lesmaconsdelacreuse.fr\/annuaires\/wp-json\/wp\/v2\/posts\/37132\/revisions"}],"wp:attachment":[{"href":"https:\/\/www.lesmaconsdelacreuse.fr\/annuaires\/wp-json\/wp\/v2\/media?parent=37132"}],"wp:term":[{"taxonomy":"category","embeddable":true,"href":"https:\/\/www.lesmaconsdelacreuse.fr\/annuaires\/wp-json\/wp\/v2\/categories?post=37132"},{"taxonomy":"post_tag","embeddable":true,"href":"https:\/\/www.lesmaconsdelacreuse.fr\/annuaires\/wp-json\/wp\/v2\/tags?post=37132"}],"curies":[{"name":"wp","href":"https:\/\/api.w.org\/{rel}","templated":true}]}}