{"id":37135,"date":"2019-08-04T17:23:20","date_gmt":"2019-08-04T15:23:20","guid":{"rendered":"http:\/\/lesmaconsdelacreuse.fr\/annuaire\/?p=37135"},"modified":"2020-01-20T11:07:16","modified_gmt":"2020-01-20T10:07:16","slug":"m_363","status":"publish","type":"post","link":"https:\/\/www.lesmaconsdelacreuse.fr\/annuaires\/lettre-m\/m_363\/","title":{"rendered":"MONCOURANT Fran\u00e7ois (1804-1885)"},"content":{"rendered":"<p class=\"last-updated\"><strong>Mis \u00e0 jour le :<\/strong> 25\/04\/2026<\/p><h2 style=\"text-align: center;\"><strong>Fran\u00e7ois MONCOURANT<\/strong><\/h2>\n<p style=\"text-align: center;\"><strong>Fran\u00e7ois MAUCOURANT<\/strong><\/p>\n<p style=\"text-align: center;\"><strong>1804 &#8211; 1885<\/strong><\/p>\n<p style=\"text-align: center;\"><img decoding=\"async\" title=\"\" src=\"https:\/\/lesmaconsdelacreuse.fr\/annuaire\/wp-content\/uploads\/2019\/08\/image1-1068.jpg\" alt=\"\" data-asset-id=\"37133\" data-source-id=\"i.0\" \/><\/p>\n<h4 style=\"text-align: center;\"><span style=\"color: #008000;\"><strong>ma\u00e7on <\/strong>et<\/span> <span style=\"color: #008000;\"><strong>propri\u00e9taire cultivateur<\/strong><\/span><\/h4>\n<p style=\"text-align: center;\">n\u00e9 \u00e0 Valli\u00e8re<\/p>\n<p style=\"text-align: center;\">le 4 frimaire an XIII \u00a0(25 novembre 1804)<\/p>\n<p style=\"text-align: center;\">fils de<\/p>\n<p style=\"text-align: center;\">Pierre MONCOURANT \/ Jeanne MARVY<\/p>\n<p style=\"text-align: center;\"><span style=\"color: #ffffff;\">\u25d9<\/span><\/p>\n<p><em>Fran\u00e7ois \u00e9pouse Marie <\/em><strong>MICOU<\/strong><em> le 13 f\u00e9vrier <\/em><strong>1826<\/strong><em> \u00e0 Valli\u00e8re. Ils habitent La Vau-Soubrane, m\u00eame commune.<\/em><\/p>\n<p><em>Marie y d\u00e9c\u00e8de le 5 novembre de la m\u00eame ann\u00e9e, \u00e2g\u00e9e de 20 ans.<\/em><\/p>\n<p><em>Fran\u00e7ois se remarie le 4 f\u00e9vrier <\/em><strong>1828<\/strong><em> \u00e0 Valli\u00e8re avec Marie <\/em><strong>DELARD<\/strong><em>. Le couple habite La Villatte. <\/em><\/p>\n<p><strong>En 1835, 1840 et 1843<\/strong><em>, Fran\u00e7ois travaille \u00e0 <\/em><span style=\"color: #0000ff;\"><strong>Lyon (69)<\/strong><\/span><em>. <\/em><\/p>\n<p><em>Les \u00e9poux d\u00e9c\u00e8dent\u00a0:<\/em><\/p>\n<ul>\n<li><em>Marie, au Chiroux, commune de Saint-Pierre-le-Bost, le 9 avril <\/em><strong>1878<\/strong><em>, \u00e2g\u00e9e de 77 ans<\/em><\/li>\n<li><em>Fran\u00e7ois, \u00e0 La Villatte, le 6 d\u00e9cembre <\/em><strong>1885<\/strong><em>, \u00e2g\u00e9 de 81 ans<\/em><\/li>\n<\/ul>\n","protected":false},"excerpt":{"rendered":"<p>Mis \u00e0 jour le : 25\/04\/2026Fran\u00e7ois MONCOURANT Fran\u00e7ois MAUCOURANT 1804 &#8211; 1885 ma\u00e7on et propri\u00e9taire cultivateur n\u00e9 \u00e0 Valli\u00e8re le 4 frimaire an XIII \u00a0(25 novembre 1804) fils de Pierre MONCOURANT \/ Jeanne MARVY \u25d9 Fran\u00e7ois \u00e9pouse Marie MICOU le 13 f\u00e9vrier 1826 \u00e0 Valli\u00e8re. Ils habitent La Vau-Soubrane, m\u00eame commune. Marie y d\u00e9c\u00e8de le ..<\/p>\n<div class=\"clear-fix\"><\/div>\n<p><a href=\"https:\/\/www.lesmaconsdelacreuse.fr\/annuaires\/lettre-m\/m_363\/\" title=\"Lire la suite...\">Lire la suite<\/a><\/p>\n","protected":false},"author":2,"featured_media":0,"comment_status":"closed","ping_status":"closed","sticky":false,"template":"","format":"standard","meta":{"_acf_changed":false,"_exactmetrics_skip_tracking":false,"_exactmetrics_sitenote_active":false,"_exactmetrics_sitenote_note":"","_exactmetrics_sitenote_category":0,"footnotes":""},"categories":[14],"tags":[],"class_list":["post-37135","post","type-post","status-publish","format-standard","hentry","category-lettre-m"],"acf":[],"_links":{"self":[{"href":"https:\/\/www.lesmaconsdelacreuse.fr\/annuaires\/wp-json\/wp\/v2\/posts\/37135","targetHints":{"allow":["GET"]}}],"collection":[{"href":"https:\/\/www.lesmaconsdelacreuse.fr\/annuaires\/wp-json\/wp\/v2\/posts"}],"about":[{"href":"https:\/\/www.lesmaconsdelacreuse.fr\/annuaires\/wp-json\/wp\/v2\/types\/post"}],"author":[{"embeddable":true,"href":"https:\/\/www.lesmaconsdelacreuse.fr\/annuaires\/wp-json\/wp\/v2\/users\/2"}],"replies":[{"embeddable":true,"href":"https:\/\/www.lesmaconsdelacreuse.fr\/annuaires\/wp-json\/wp\/v2\/comments?post=37135"}],"version-history":[{"count":0,"href":"https:\/\/www.lesmaconsdelacreuse.fr\/annuaires\/wp-json\/wp\/v2\/posts\/37135\/revisions"}],"wp:attachment":[{"href":"https:\/\/www.lesmaconsdelacreuse.fr\/annuaires\/wp-json\/wp\/v2\/media?parent=37135"}],"wp:term":[{"taxonomy":"category","embeddable":true,"href":"https:\/\/www.lesmaconsdelacreuse.fr\/annuaires\/wp-json\/wp\/v2\/categories?post=37135"},{"taxonomy":"post_tag","embeddable":true,"href":"https:\/\/www.lesmaconsdelacreuse.fr\/annuaires\/wp-json\/wp\/v2\/tags?post=37135"}],"curies":[{"name":"wp","href":"https:\/\/api.w.org\/{rel}","templated":true}]}}