{"id":37144,"date":"2019-08-04T17:23:20","date_gmt":"2019-08-04T15:23:20","guid":{"rendered":"http:\/\/lesmaconsdelacreuse.fr\/annuaire\/?p=37144"},"modified":"2020-10-16T10:26:02","modified_gmt":"2020-10-16T08:26:02","slug":"m_401","status":"publish","type":"post","link":"https:\/\/www.lesmaconsdelacreuse.fr\/annuaires\/lettre-m\/m_401\/","title":{"rendered":"MAURY \u00c9tienne (1842-1883)"},"content":{"rendered":"<p class=\"last-updated\"><strong>Mis \u00e0 jour le :<\/strong> 25\/04\/2026<\/p><h2 style=\"text-align: center;\"><strong>\u00c9tienne MAURY<\/strong><\/h2>\n<p style=\"text-align: center;\"><strong>1842 &#8211; 1883<\/strong><\/p>\n<p style=\"text-align: center;\"><img loading=\"lazy\" decoding=\"async\" class=\"\" title=\"\" src=\"https:\/\/lesmaconsdelacreuse.fr\/annuaire\/wp-content\/uploads\/2019\/08\/image1-1072.jpg\" alt=\"\" width=\"446\" height=\"116\" data-asset-id=\"37142\" data-source-id=\"i.0\" \/><\/p>\n<h4 style=\"text-align: center;\"><span style=\"color: #008000;\"><strong>ma\u00e7on <\/strong>et<\/span><strong>\u00a0<em>\u25ba<a href=\"https:\/\/www.lesmaconsdelacreuse.fr\/annuaires\/wp-content\/uploads\/2020\/08\/LOGEUR-LOGEUSE.png\"><span style=\"color: #008000;\">logeur<\/span><\/a><\/em><\/strong><\/h4>\n<p>&nbsp;<\/p>\n<p style=\"text-align: center;\">n\u00e9 \u00e0 Pramy (Saint-Pierre-le-Bost)<\/p>\n<p style=\"text-align: center;\">le 4 octobre 1842<\/p>\n<p style=\"text-align: center;\">fils de<\/p>\n<p style=\"text-align: center;\">Jean MAURY, <span style=\"color: #008000;\"><strong>ma\u00e7on<\/strong><\/span><\/p>\n<p style=\"text-align: center;\">Anne C\u00c9ZEYRAT, cultivatrice<\/p>\n<p style=\"text-align: center;\"><span style=\"color: #ffffff;\">\u25d9<\/span><\/p>\n<p><strong>En 1863<\/strong><em>, \u00c9tienne, <\/em><span style=\"color: #008000;\"><strong>ma\u00e7on<\/strong><\/span><em>, travaille dans le <\/em><span style=\"color: #0000ff;\"><strong>Rh\u00f4ne (69)<\/strong><\/span><em> et y passe le conseil de r\u00e9vision. Il est exempt\u00e9 de service militaire comme fils a\u00een\u00e9 de veuve.<\/em><\/p>\n<p><em> Il \u00e9pouse Marie <\/em><strong>LARBANEIX <\/strong><em>le 8 f\u00e9vrier <\/em><strong>1864<\/strong> <em>\u00e0 Saint-Pierre-le-Bost (contrat Gloumeau au Monteil-au-Vicomte). Ils vivent d\u2019abord \u00e0 Pramy. <\/em><\/p>\n<p><strong>D\u00e8s 1871<\/strong><em>, le couple est \u00e0 <\/em><span style=\"color: #0000ff;\"><strong>Paris (75)<\/strong><\/span><em>;<\/em><\/p>\n<p><strong>en 1877<\/strong><em>, ils habitent 4, rue Laplace, 5e arrondissement, et \u00c9tienne est <\/em><strong><em>\u25ba<a href=\"https:\/\/www.lesmaconsdelacreuse.fr\/annuaires\/wp-content\/uploads\/2020\/08\/LOGEUR-LOGEUSE.png\">logeur<\/a><\/em><\/strong><em>;<\/em><\/p>\n<p><strong>en 1883<\/strong><em>, 43, rue de la Montagne Sainte-Genevi\u00e8ve, aussi dans le 5e.<\/em><\/p>\n<p><em>\u00c9tienne d\u00e9c\u00e8de \u00e0 cette adresse le 23 octobre de la m\u00eame ann\u00e9e, \u00e2g\u00e9 de 41 ans.<\/em><\/p>\n<p><em>Sa veuve d\u00e9c\u00e8de \u00e0 Pramy le 26 octobre <\/em>1928<em>, \u00e2g\u00e9e de 87 ans.<\/em><\/p>\n<p>&nbsp;<\/p>\n","protected":false},"excerpt":{"rendered":"<p>Mis \u00e0 jour le : 25\/04\/2026\u00c9tienne MAURY 1842 &#8211; 1883 ma\u00e7on et\u00a0\u25balogeur &nbsp; n\u00e9 \u00e0 Pramy (Saint-Pierre-le-Bost) le 4 octobre 1842 fils de Jean MAURY, ma\u00e7on Anne C\u00c9ZEYRAT, cultivatrice \u25d9 En 1863, \u00c9tienne, ma\u00e7on, travaille dans le Rh\u00f4ne (69) et y passe le conseil de r\u00e9vision. Il est exempt\u00e9 de service militaire comme fils a\u00een\u00e9 ..<\/p>\n<div class=\"clear-fix\"><\/div>\n<p><a href=\"https:\/\/www.lesmaconsdelacreuse.fr\/annuaires\/lettre-m\/m_401\/\" title=\"Lire la suite...\">Lire la suite<\/a><\/p>\n","protected":false},"author":2,"featured_media":0,"comment_status":"closed","ping_status":"closed","sticky":false,"template":"","format":"standard","meta":{"_acf_changed":false,"_exactmetrics_skip_tracking":false,"_exactmetrics_sitenote_active":false,"_exactmetrics_sitenote_note":"","_exactmetrics_sitenote_category":0,"footnotes":""},"categories":[14],"tags":[],"class_list":["post-37144","post","type-post","status-publish","format-standard","hentry","category-lettre-m"],"acf":[],"_links":{"self":[{"href":"https:\/\/www.lesmaconsdelacreuse.fr\/annuaires\/wp-json\/wp\/v2\/posts\/37144","targetHints":{"allow":["GET"]}}],"collection":[{"href":"https:\/\/www.lesmaconsdelacreuse.fr\/annuaires\/wp-json\/wp\/v2\/posts"}],"about":[{"href":"https:\/\/www.lesmaconsdelacreuse.fr\/annuaires\/wp-json\/wp\/v2\/types\/post"}],"author":[{"embeddable":true,"href":"https:\/\/www.lesmaconsdelacreuse.fr\/annuaires\/wp-json\/wp\/v2\/users\/2"}],"replies":[{"embeddable":true,"href":"https:\/\/www.lesmaconsdelacreuse.fr\/annuaires\/wp-json\/wp\/v2\/comments?post=37144"}],"version-history":[{"count":0,"href":"https:\/\/www.lesmaconsdelacreuse.fr\/annuaires\/wp-json\/wp\/v2\/posts\/37144\/revisions"}],"wp:attachment":[{"href":"https:\/\/www.lesmaconsdelacreuse.fr\/annuaires\/wp-json\/wp\/v2\/media?parent=37144"}],"wp:term":[{"taxonomy":"category","embeddable":true,"href":"https:\/\/www.lesmaconsdelacreuse.fr\/annuaires\/wp-json\/wp\/v2\/categories?post=37144"},{"taxonomy":"post_tag","embeddable":true,"href":"https:\/\/www.lesmaconsdelacreuse.fr\/annuaires\/wp-json\/wp\/v2\/tags?post=37144"}],"curies":[{"name":"wp","href":"https:\/\/api.w.org\/{rel}","templated":true}]}}