{"id":37152,"date":"2019-08-04T17:23:19","date_gmt":"2019-08-04T15:23:19","guid":{"rendered":"http:\/\/lesmaconsdelacreuse.fr\/annuaire\/?p=37152"},"modified":"2020-01-20T11:07:17","modified_gmt":"2020-01-20T10:07:17","slug":"m_347","status":"publish","type":"post","link":"https:\/\/www.lesmaconsdelacreuse.fr\/annuaires\/lettre-m\/m_347\/","title":{"rendered":"MATHIEUX L\u00e9onard (1886-1959)"},"content":{"rendered":"<p class=\"last-updated\"><strong>Mis \u00e0 jour le :<\/strong> 25\/04\/2026<\/p><h2 style=\"text-align: center;\"><strong>L\u00e9onard MATHIEUX<\/strong><\/h2>\n<p style=\"text-align: center;\"><strong>1886 &#8211; 1959<\/strong><\/p>\n<h4 style=\"text-align: center;\"><span style=\"color: #008000;\"><strong>ma\u00e7on<\/strong><\/span><\/h4>\n<p style=\"text-align: center;\">n\u00e9 au Montal\u00e9tang (Saint-Moreil)<\/p>\n<p style=\"text-align: center;\">le 23 mai 1886<\/p>\n<p style=\"text-align: center;\">fils de<\/p>\n<p style=\"text-align: center;\">L\u00e9onard MATHIEUX, <span style=\"color: #008000;\"><strong>ma\u00e7on<\/strong><\/span><\/p>\n<p style=\"text-align: center;\">Marie BEAUVAIS, cultivatrice<\/p>\n<p style=\"text-align: center;\"><span style=\"color: #ffffff;\">\u25d9<\/span><\/p>\n<p><strong>En 1911<\/strong><em>, L\u00e9onard habite <\/em><span style=\"color: #0000ff;\"><strong>Caluire (69)<\/strong><\/span><em>, grande rue.<\/em><\/p>\n<p><em>Il travaille ensuite \u00e0 <\/em><span style=\"color: #0000ff;\"><strong>Lyon (69)<\/strong><\/span><em>, et loge\u00a0:<\/em><\/p>\n<p>fin 1911<em>, 10, rue Charpenay\u00a0;<\/em><\/p>\n<p><strong>en 1912<\/strong><em>, 26, rue Le Royer\u00a0;<\/em><\/p>\n<p><strong>en 1913<\/strong><em>, 173, rue Pierre Corneille\u00a0;<\/em><\/p>\n<p><strong>de 1919 \u00e0 1931<\/strong><em> au moins, de nouveau rue Corneille.<\/em><\/p>\n<p><em> Il d\u00e9c\u00e8de \u00e0 Aubusson le 6 avril <\/em><strong>1959<\/strong><em>, \u00e2g\u00e9 de 72 ans.<\/em><\/p>\n","protected":false},"excerpt":{"rendered":"<p>Mis \u00e0 jour le : 25\/04\/2026L\u00e9onard MATHIEUX 1886 &#8211; 1959 ma\u00e7on n\u00e9 au Montal\u00e9tang (Saint-Moreil) le 23 mai 1886 fils de L\u00e9onard MATHIEUX, ma\u00e7on Marie BEAUVAIS, cultivatrice \u25d9 En 1911, L\u00e9onard habite Caluire (69), grande rue. Il travaille ensuite \u00e0 Lyon (69), et loge\u00a0: fin 1911, 10, rue Charpenay\u00a0; en 1912, 26, rue Le Royer\u00a0; ..<\/p>\n<div class=\"clear-fix\"><\/div>\n<p><a href=\"https:\/\/www.lesmaconsdelacreuse.fr\/annuaires\/lettre-m\/m_347\/\" title=\"Lire la suite...\">Lire la suite<\/a><\/p>\n","protected":false},"author":2,"featured_media":0,"comment_status":"closed","ping_status":"closed","sticky":false,"template":"","format":"standard","meta":{"_acf_changed":false,"_exactmetrics_skip_tracking":false,"_exactmetrics_sitenote_active":false,"_exactmetrics_sitenote_note":"","_exactmetrics_sitenote_category":0,"footnotes":""},"categories":[14],"tags":[],"class_list":["post-37152","post","type-post","status-publish","format-standard","hentry","category-lettre-m"],"acf":[],"_links":{"self":[{"href":"https:\/\/www.lesmaconsdelacreuse.fr\/annuaires\/wp-json\/wp\/v2\/posts\/37152","targetHints":{"allow":["GET"]}}],"collection":[{"href":"https:\/\/www.lesmaconsdelacreuse.fr\/annuaires\/wp-json\/wp\/v2\/posts"}],"about":[{"href":"https:\/\/www.lesmaconsdelacreuse.fr\/annuaires\/wp-json\/wp\/v2\/types\/post"}],"author":[{"embeddable":true,"href":"https:\/\/www.lesmaconsdelacreuse.fr\/annuaires\/wp-json\/wp\/v2\/users\/2"}],"replies":[{"embeddable":true,"href":"https:\/\/www.lesmaconsdelacreuse.fr\/annuaires\/wp-json\/wp\/v2\/comments?post=37152"}],"version-history":[{"count":0,"href":"https:\/\/www.lesmaconsdelacreuse.fr\/annuaires\/wp-json\/wp\/v2\/posts\/37152\/revisions"}],"wp:attachment":[{"href":"https:\/\/www.lesmaconsdelacreuse.fr\/annuaires\/wp-json\/wp\/v2\/media?parent=37152"}],"wp:term":[{"taxonomy":"category","embeddable":true,"href":"https:\/\/www.lesmaconsdelacreuse.fr\/annuaires\/wp-json\/wp\/v2\/categories?post=37152"},{"taxonomy":"post_tag","embeddable":true,"href":"https:\/\/www.lesmaconsdelacreuse.fr\/annuaires\/wp-json\/wp\/v2\/tags?post=37152"}],"curies":[{"name":"wp","href":"https:\/\/api.w.org\/{rel}","templated":true}]}}