{"id":37165,"date":"2019-08-04T17:23:18","date_gmt":"2019-08-04T15:23:18","guid":{"rendered":"http:\/\/lesmaconsdelacreuse.fr\/annuaire\/?p=37165"},"modified":"2020-01-20T11:07:19","modified_gmt":"2020-01-20T10:07:19","slug":"m_397","status":"publish","type":"post","link":"https:\/\/www.lesmaconsdelacreuse.fr\/annuaires\/lettre-m\/m_397\/","title":{"rendered":"MOREIL Louis (1902\u20131975)"},"content":{"rendered":"<p class=\"last-updated\"><strong>Mis \u00e0 jour le :<\/strong> 25\/04\/2026<\/p><h2 style=\"text-align: center;\"><strong>Louis MOREIL<\/strong><\/h2>\n<p style=\"text-align: center;\"><strong>1902 \u2013 1975<\/strong><\/p>\n<p style=\"text-align: center;\"><img decoding=\"async\" title=\"\" src=\"https:\/\/lesmaconsdelacreuse.fr\/annuaire\/wp-content\/uploads\/2019\/08\/image1-1080.jpg\" alt=\"\" data-asset-id=\"37164\" data-source-id=\"i.0\" \/><\/p>\n<h4 style=\"text-align: center;\"><span style=\"color: #008000;\"><strong>entrepreneur de ma\u00e7onnerie<\/strong><\/span><\/h4>\n<p style=\"text-align: center;\">n\u00e9 \u00e0 Brudieux (Saint-Martin-Ch\u00e2teau)<\/p>\n<p style=\"text-align: center;\">le 27 septembre 1902<\/p>\n<p style=\"text-align: center;\">fils de<\/p>\n<p style=\"text-align: center;\">Eug\u00e8ne MOREIL, <span style=\"color: #008000;\"><strong>ma\u00e7on<\/strong><\/span><\/p>\n<p style=\"text-align: center;\">Marie-Louise BIOLETTE, cultivatrice<\/p>\n<p style=\"text-align: center;\"><span style=\"color: #ffffff;\">\u25d9<\/span><\/p>\n<p><em>Louis, <\/em><span style=\"color: #008000;\"><strong>ma\u00e7on<\/strong><\/span><em>, \u00e9pouse Val\u00e9rie Louise <\/em><strong>MOREIL<\/strong><em> le 20 ao\u00fbt <\/em><strong>1925<\/strong><em> \u00e0 <\/em><strong><span style=\"color: #0000ff;\">Paris (75)<\/span>, <\/strong><em> 15e arrondissement.<\/em><\/p>\n<p>\u25ba<strong><span style=\"color: #008000;\"><a target=\"_blank\"style=\"color: #008000;\" href=\"https:\/\/www.lesmaconsdelacreuse.fr\/annuaires\/\/wp-content\/uploads\/DOCUMENTS\/1927_-_Junien_et_Louis_MOREIL_a_Paris.pdf\"><span style=\"color: #000000;\">En 1927<\/span><\/a><\/span><\/strong><a target=\"_blank\"href=\"https:\/\/www.lesmaconsdelacreuse.fr\/annuaires\/\/wp-content\/uploads\/DOCUMENTS\/1927_-_Junien_et_Louis_MOREIL_a_Paris.pdf\">,<\/a><em> ils habitent 21 bis, rue Duranton, et Louis est <\/em><strong><span style=\"color: #008000;\">entrepreneur de<\/span> <span style=\"color: #008000;\">ma\u00e7onnerie<\/span><\/strong><em>.<\/em><\/p>\n<p><em>Il d\u00e9c\u00e8de \u00e0 <\/em><span style=\"color: #0000ff;\"><strong>Issy-les-Moulineaux (92)<\/strong><\/span><em> le 9 juillet <\/em><strong>1975<\/strong><em>, \u00e2g\u00e9 de 72 ans.<\/em><\/p>\n","protected":false},"excerpt":{"rendered":"<p>Mis \u00e0 jour le : 25\/04\/2026Louis MOREIL 1902 \u2013 1975 entrepreneur de ma\u00e7onnerie n\u00e9 \u00e0 Brudieux (Saint-Martin-Ch\u00e2teau) le 27 septembre 1902 fils de Eug\u00e8ne MOREIL, ma\u00e7on Marie-Louise BIOLETTE, cultivatrice \u25d9 Louis, ma\u00e7on, \u00e9pouse Val\u00e9rie Louise MOREIL le 20 ao\u00fbt 1925 \u00e0 Paris (75), 15e arrondissement. \u25baEn 1927, ils habitent 21 bis, rue Duranton, et Louis ..<\/p>\n<div class=\"clear-fix\"><\/div>\n<p><a href=\"https:\/\/www.lesmaconsdelacreuse.fr\/annuaires\/lettre-m\/m_397\/\" title=\"Lire la suite...\">Lire la suite<\/a><\/p>\n","protected":false},"author":2,"featured_media":0,"comment_status":"closed","ping_status":"closed","sticky":false,"template":"","format":"standard","meta":{"_acf_changed":false,"_exactmetrics_skip_tracking":false,"_exactmetrics_sitenote_active":false,"_exactmetrics_sitenote_note":"","_exactmetrics_sitenote_category":0,"footnotes":""},"categories":[14],"tags":[],"class_list":["post-37165","post","type-post","status-publish","format-standard","hentry","category-lettre-m"],"acf":[],"_links":{"self":[{"href":"https:\/\/www.lesmaconsdelacreuse.fr\/annuaires\/wp-json\/wp\/v2\/posts\/37165","targetHints":{"allow":["GET"]}}],"collection":[{"href":"https:\/\/www.lesmaconsdelacreuse.fr\/annuaires\/wp-json\/wp\/v2\/posts"}],"about":[{"href":"https:\/\/www.lesmaconsdelacreuse.fr\/annuaires\/wp-json\/wp\/v2\/types\/post"}],"author":[{"embeddable":true,"href":"https:\/\/www.lesmaconsdelacreuse.fr\/annuaires\/wp-json\/wp\/v2\/users\/2"}],"replies":[{"embeddable":true,"href":"https:\/\/www.lesmaconsdelacreuse.fr\/annuaires\/wp-json\/wp\/v2\/comments?post=37165"}],"version-history":[{"count":0,"href":"https:\/\/www.lesmaconsdelacreuse.fr\/annuaires\/wp-json\/wp\/v2\/posts\/37165\/revisions"}],"wp:attachment":[{"href":"https:\/\/www.lesmaconsdelacreuse.fr\/annuaires\/wp-json\/wp\/v2\/media?parent=37165"}],"wp:term":[{"taxonomy":"category","embeddable":true,"href":"https:\/\/www.lesmaconsdelacreuse.fr\/annuaires\/wp-json\/wp\/v2\/categories?post=37165"},{"taxonomy":"post_tag","embeddable":true,"href":"https:\/\/www.lesmaconsdelacreuse.fr\/annuaires\/wp-json\/wp\/v2\/tags?post=37165"}],"curies":[{"name":"wp","href":"https:\/\/api.w.org\/{rel}","templated":true}]}}