{"id":37183,"date":"2019-08-04T17:23:17","date_gmt":"2019-08-04T15:23:17","guid":{"rendered":"http:\/\/lesmaconsdelacreuse.fr\/annuaire\/?p=37183"},"modified":"2022-06-08T08:22:55","modified_gmt":"2022-06-08T06:22:55","slug":"m_396","status":"publish","type":"post","link":"https:\/\/www.lesmaconsdelacreuse.fr\/annuaires\/lettre-m\/m_396\/","title":{"rendered":"MOREL Louis (1882\u20131954)"},"content":{"rendered":"<p class=\"last-updated\"><strong>Mis \u00e0 jour le :<\/strong> 25\/04\/2026<\/p><h2 style=\"text-align: center;\"><strong>Louis MOREL<\/strong><\/h2>\n<p style=\"text-align: center;\"><strong>1882 \u2013 1954<\/strong><\/p>\n<p><a href=\"https:\/\/www.lesmaconsdelacreuse.fr\/annuaires\/wp-content\/uploads\/2019\/08\/MOREL-Louis-1882.jpg\"><img loading=\"lazy\" decoding=\"async\" class=\"size-full wp-image-200095 aligncenter\" src=\"https:\/\/www.lesmaconsdelacreuse.fr\/annuaires\/wp-content\/uploads\/2019\/08\/MOREL-Louis-1882.jpg\" alt=\"\" width=\"155\" height=\"98\" srcset=\"https:\/\/www.lesmaconsdelacreuse.fr\/annuaires\/wp-content\/uploads\/2019\/08\/MOREL-Louis-1882.jpg 155w, https:\/\/www.lesmaconsdelacreuse.fr\/annuaires\/wp-content\/uploads\/2019\/08\/MOREL-Louis-1882-16x10.jpg 16w, https:\/\/www.lesmaconsdelacreuse.fr\/annuaires\/wp-content\/uploads\/2019\/08\/MOREL-Louis-1882-150x95.jpg 150w\" sizes=\"auto, (max-width: 155px) 100vw, 155px\" \/><\/a><\/p>\n<h4 style=\"text-align: center;\"><span style=\"color: #008000;\"><strong>ma\u00e7on <\/strong>et<strong> cultivateur<\/strong><\/span><\/h4>\n<p style=\"text-align: center;\">n\u00e9 aux C\u00f4tes d\u2019 Arey (38)<\/p>\n<p style=\"text-align: center;\">le 22 mars 1882<\/p>\n<p style=\"text-align: center;\">fils de<\/p>\n<p style=\"text-align: center;\">Jean MOREL, <span style=\"color: #008000;\"><strong>ma\u00e7on<\/strong><\/span><\/p>\n<p style=\"text-align: center;\">Henriette Sophie THOMAS, cultivatrice<\/p>\n<p style=\"text-align: center;\"><span style=\"color: #ffffff;\">\u25d9<\/span><\/p>\n<p><em>Louis \u00e9pouse M\u00e9lanie Louise <\/em><strong>SAPANET <\/strong><em>le 9 mars <\/em><strong>1907<\/strong> <em>\u00e0 Saint-Pierre-le-Bost (mari\u00e9s sans contrat).<\/em><\/p>\n<p><em>Ils habitent La Villatte, m\u00eame commune.<\/em><\/p>\n<p><em>Ils y d\u00e9c\u00e8dent\u00a0:<\/em><\/p>\n<ul>\n<li><em>M\u00e9lanie, le 19 juin <\/em><strong>1944<\/strong><em>, \u00e2g\u00e9e de 62 ans<\/em><\/li>\n<li><em>Louis, le 6 ao\u00fbt <\/em><strong>1954<\/strong><em>, \u00e2g\u00e9 de 72 ans<\/em><\/li>\n<\/ul>\n","protected":false},"excerpt":{"rendered":"<p>Mis \u00e0 jour le : 25\/04\/2026Louis MOREL 1882 \u2013 1954 ma\u00e7on et cultivateur n\u00e9 aux C\u00f4tes d\u2019 Arey (38) le 22 mars 1882 fils de Jean MOREL, ma\u00e7on Henriette Sophie THOMAS, cultivatrice \u25d9 Louis \u00e9pouse M\u00e9lanie Louise SAPANET le 9 mars 1907 \u00e0 Saint-Pierre-le-Bost (mari\u00e9s sans contrat). Ils habitent La Villatte, m\u00eame commune. Ils y ..<\/p>\n<div class=\"clear-fix\"><\/div>\n<p><a href=\"https:\/\/www.lesmaconsdelacreuse.fr\/annuaires\/lettre-m\/m_396\/\" title=\"Lire la suite...\">Lire la suite<\/a><\/p>\n","protected":false},"author":2,"featured_media":0,"comment_status":"closed","ping_status":"closed","sticky":false,"template":"","format":"standard","meta":{"_acf_changed":false,"_exactmetrics_skip_tracking":false,"_exactmetrics_sitenote_active":false,"_exactmetrics_sitenote_note":"","_exactmetrics_sitenote_category":0,"footnotes":""},"categories":[14],"tags":[],"class_list":["post-37183","post","type-post","status-publish","format-standard","hentry","category-lettre-m"],"acf":[],"_links":{"self":[{"href":"https:\/\/www.lesmaconsdelacreuse.fr\/annuaires\/wp-json\/wp\/v2\/posts\/37183","targetHints":{"allow":["GET"]}}],"collection":[{"href":"https:\/\/www.lesmaconsdelacreuse.fr\/annuaires\/wp-json\/wp\/v2\/posts"}],"about":[{"href":"https:\/\/www.lesmaconsdelacreuse.fr\/annuaires\/wp-json\/wp\/v2\/types\/post"}],"author":[{"embeddable":true,"href":"https:\/\/www.lesmaconsdelacreuse.fr\/annuaires\/wp-json\/wp\/v2\/users\/2"}],"replies":[{"embeddable":true,"href":"https:\/\/www.lesmaconsdelacreuse.fr\/annuaires\/wp-json\/wp\/v2\/comments?post=37183"}],"version-history":[{"count":3,"href":"https:\/\/www.lesmaconsdelacreuse.fr\/annuaires\/wp-json\/wp\/v2\/posts\/37183\/revisions"}],"predecessor-version":[{"id":200096,"href":"https:\/\/www.lesmaconsdelacreuse.fr\/annuaires\/wp-json\/wp\/v2\/posts\/37183\/revisions\/200096"}],"wp:attachment":[{"href":"https:\/\/www.lesmaconsdelacreuse.fr\/annuaires\/wp-json\/wp\/v2\/media?parent=37183"}],"wp:term":[{"taxonomy":"category","embeddable":true,"href":"https:\/\/www.lesmaconsdelacreuse.fr\/annuaires\/wp-json\/wp\/v2\/categories?post=37183"},{"taxonomy":"post_tag","embeddable":true,"href":"https:\/\/www.lesmaconsdelacreuse.fr\/annuaires\/wp-json\/wp\/v2\/tags?post=37183"}],"curies":[{"name":"wp","href":"https:\/\/api.w.org\/{rel}","templated":true}]}}