{"id":37184,"date":"2019-08-04T17:23:17","date_gmt":"2019-08-04T15:23:17","guid":{"rendered":"http:\/\/lesmaconsdelacreuse.fr\/annuaire\/?p=37184"},"modified":"2023-01-04T13:55:55","modified_gmt":"2023-01-04T12:55:55","slug":"m_369","status":"publish","type":"post","link":"https:\/\/www.lesmaconsdelacreuse.fr\/annuaires\/lettre-m\/m_369\/","title":{"rendered":"MAUCOURANT Symphorien (1691 &#8211; 1762)"},"content":{"rendered":"<p class=\"last-updated\"><strong>Mis \u00e0 jour le :<\/strong> 25\/04\/2026<\/p><h2 style=\"text-align: center;\"><strong>Symphorien MAUCOURANT<\/strong><\/h2>\n<p style=\"text-align: center;\"><strong>Faurien MAUCOURANT<\/strong><\/p>\n<p style=\"text-align: center;\"><strong>1691 &#8211; 1762<\/strong><\/p>\n<p style=\"text-align: center;\"><img decoding=\"async\" title=\"\" src=\"https:\/\/lesmaconsdelacreuse.fr\/annuaire\/wp-content\/uploads\/2019\/08\/image1-1087.jpg\" alt=\"\" data-asset-id=\"37181\" data-source-id=\"i.0\" \/><\/p>\n<h4 style=\"text-align: center;\"><span style=\"color: #008000;\"><strong>ma\u00e7on <\/strong>et<strong> laboureur<\/strong><\/span><\/h4>\n<p style=\"text-align: center;\">n\u00e9 \u00e0 La For\u00eat-Belleville (Vidaillat)<\/p>\n<p style=\"text-align: center;\">baptis\u00e9 le 12 octobre 1691<\/p>\n<p style=\"text-align: center;\">fils de<\/p>\n<p style=\"text-align: center;\">Symphorien MAUCOURANT, <span style=\"color: #008000;\"><strong>ma\u00e7on <\/strong><\/span><strong>\/ <\/strong>Pierrette LEMASSON<\/p>\n<p style=\"text-align: center;\"><span style=\"color: #ffffff;\">\u25d9<\/span><\/p>\n<p><strong>En 1716<\/strong><em>, Symphorien \u00e9pouse Louise <\/em><strong>LEBLANC<\/strong><em>\u00a0<\/em> <em>(contrat Delavergne au Monteil-au-Vicomte). Ils habitent d\u2019abord Lardillier, paroisse de Saint-Pierre-le-Bost.<\/em><\/p>\n<p><strong>En 1744<\/strong><em>, ils habitent Lanjouy, paroisse de Vidaillat.<\/em><\/p>\n<p><em>Symphorien y d\u00e9c\u00e8de le 24 juillet <\/em><strong>1762<\/strong><em>, \u00e2g\u00e9 de 70 ans.<\/em><\/p>\n<p>S17<\/p>\n","protected":false},"excerpt":{"rendered":"<p>Mis \u00e0 jour le : 25\/04\/2026Symphorien MAUCOURANT Faurien MAUCOURANT 1691 &#8211; 1762 ma\u00e7on et laboureur n\u00e9 \u00e0 La For\u00eat-Belleville (Vidaillat) baptis\u00e9 le 12 octobre 1691 fils de Symphorien MAUCOURANT, ma\u00e7on \/ Pierrette LEMASSON \u25d9 En 1716, Symphorien \u00e9pouse Louise LEBLANC\u00a0 (contrat Delavergne au Monteil-au-Vicomte). Ils habitent d\u2019abord Lardillier, paroisse de Saint-Pierre-le-Bost. En 1744, ils habitent ..<\/p>\n<div class=\"clear-fix\"><\/div>\n<p><a href=\"https:\/\/www.lesmaconsdelacreuse.fr\/annuaires\/lettre-m\/m_369\/\" title=\"Lire la suite...\">Lire la suite<\/a><\/p>\n","protected":false},"author":2,"featured_media":0,"comment_status":"closed","ping_status":"closed","sticky":false,"template":"","format":"standard","meta":{"_acf_changed":false,"_exactmetrics_skip_tracking":false,"_exactmetrics_sitenote_active":false,"_exactmetrics_sitenote_note":"","_exactmetrics_sitenote_category":0,"footnotes":""},"categories":[14],"tags":[],"class_list":["post-37184","post","type-post","status-publish","format-standard","hentry","category-lettre-m"],"acf":[],"_links":{"self":[{"href":"https:\/\/www.lesmaconsdelacreuse.fr\/annuaires\/wp-json\/wp\/v2\/posts\/37184","targetHints":{"allow":["GET"]}}],"collection":[{"href":"https:\/\/www.lesmaconsdelacreuse.fr\/annuaires\/wp-json\/wp\/v2\/posts"}],"about":[{"href":"https:\/\/www.lesmaconsdelacreuse.fr\/annuaires\/wp-json\/wp\/v2\/types\/post"}],"author":[{"embeddable":true,"href":"https:\/\/www.lesmaconsdelacreuse.fr\/annuaires\/wp-json\/wp\/v2\/users\/2"}],"replies":[{"embeddable":true,"href":"https:\/\/www.lesmaconsdelacreuse.fr\/annuaires\/wp-json\/wp\/v2\/comments?post=37184"}],"version-history":[{"count":1,"href":"https:\/\/www.lesmaconsdelacreuse.fr\/annuaires\/wp-json\/wp\/v2\/posts\/37184\/revisions"}],"predecessor-version":[{"id":203821,"href":"https:\/\/www.lesmaconsdelacreuse.fr\/annuaires\/wp-json\/wp\/v2\/posts\/37184\/revisions\/203821"}],"wp:attachment":[{"href":"https:\/\/www.lesmaconsdelacreuse.fr\/annuaires\/wp-json\/wp\/v2\/media?parent=37184"}],"wp:term":[{"taxonomy":"category","embeddable":true,"href":"https:\/\/www.lesmaconsdelacreuse.fr\/annuaires\/wp-json\/wp\/v2\/categories?post=37184"},{"taxonomy":"post_tag","embeddable":true,"href":"https:\/\/www.lesmaconsdelacreuse.fr\/annuaires\/wp-json\/wp\/v2\/tags?post=37184"}],"curies":[{"name":"wp","href":"https:\/\/api.w.org\/{rel}","templated":true}]}}