{"id":37186,"date":"2019-08-04T17:23:17","date_gmt":"2019-08-04T15:23:17","guid":{"rendered":"http:\/\/lesmaconsdelacreuse.fr\/annuaire\/?p=37186"},"modified":"2020-10-09T16:19:40","modified_gmt":"2020-10-09T14:19:40","slug":"m_361","status":"publish","type":"post","link":"https:\/\/www.lesmaconsdelacreuse.fr\/annuaires\/lettre-m\/m_361\/","title":{"rendered":"MAUCOURANT Fran\u00e7ois (vers 1710\u20131785)"},"content":{"rendered":"<p class=\"last-updated\"><strong>Mis \u00e0 jour le :<\/strong> 25\/04\/2026<\/p><h2 style=\"text-align: center;\"><strong>Fran\u00e7ois MAUCOURANT<\/strong><\/h2>\n<p style=\"text-align: center;\"><strong>vers 1710 \u2013 1785<\/strong><\/p>\n<p style=\"text-align: center;\"><img loading=\"lazy\" decoding=\"async\" class=\"\" title=\"\" src=\"https:\/\/lesmaconsdelacreuse.fr\/annuaire\/wp-content\/uploads\/2019\/08\/image1-1088.jpg\" alt=\"\" width=\"388\" height=\"54\" data-source-id=\"i.0\" data-asset-id=\"37185\" \/><\/p>\n<h4 style=\"text-align: center;\"><span style=\"color: #008000;\"><strong>ma\u00e7on<\/strong><\/span>; <span style=\"color: #008000;\"><strong>laboureur <\/strong>et<\/span><strong>\u00a0\u25ba<a href=\"https:\/\/www.lesmaconsdelacreuse.fr\/annuaires\/wp-content\/uploads\/2020\/08\/FERMIER-M\u00c9TAYER.png\" target=\"_blank\" rel=\"noopener noreferrer\"><span style=\"color: #008000;\">m\u00e9tayer<\/span><\/a><\/strong><\/h4>\n<p>&nbsp;<\/p>\n<p style=\"text-align: center;\">n\u00e9 \u00e0 Cosnat (Vidaillat)\u00a0?<\/p>\n<p style=\"text-align: center;\">vers 1710<\/p>\n<p style=\"text-align: center;\">fils de<\/p>\n<p style=\"text-align: center;\">L\u00e9onard MAUCOURANT \/ L\u00e9onarde BOUQUET<\/p>\n<p style=\"text-align: center;\"><span style=\"color: #ffffff;\">\u25d9<\/span><\/p>\n<p><em>Fran\u00e7ois \u00e9pouse Magdeleine <\/em><strong>NADAUD<\/strong><em> le 7 f\u00e9vrier <\/em><strong>1730<\/strong><em> \u00e0 Saint-Martin-Ch\u00e2teau (acte de mariage non filiatif). Ils habitent Boussac, m\u00eame paroisse.<\/em><\/p>\n<p><em>Magdeleine y d\u00e9c\u00e8de le 29 d\u00e9cembre <\/em><strong>1747<\/strong><em>, \u00e2g\u00e9e de 45 ans environ.<\/em><\/p>\n<p><em>Fran\u00e7ois se remarie le 25 juin <\/em><strong>1748<\/strong><em> avec Jeanne <\/em><strong>LEBLANC<\/strong><em>. Ils habitent Boussac.<\/em><\/p>\n<p><em>Ils y d\u00e9c\u00e8dent\u00a0:<\/em><\/p>\n<ul>\n<li><em>Jeanne, le 26 d\u00e9cembre <\/em><strong>1762<\/strong><em>, \u00e2g\u00e9e de 55 ans environ<\/em><\/li>\n<li><em>Fran\u00e7ois, le 27 mars <\/em><strong>1785<\/strong><em>, \u00e2g\u00e9 de 75 ans environ<\/em><\/li>\n<\/ul>\n<p>&nbsp;<\/p>\n","protected":false},"excerpt":{"rendered":"<p>Mis \u00e0 jour le : 25\/04\/2026Fran\u00e7ois MAUCOURANT vers 1710 \u2013 1785 ma\u00e7on; laboureur et\u00a0\u25bam\u00e9tayer &nbsp; n\u00e9 \u00e0 Cosnat (Vidaillat)\u00a0? vers 1710 fils de L\u00e9onard MAUCOURANT \/ L\u00e9onarde BOUQUET \u25d9 Fran\u00e7ois \u00e9pouse Magdeleine NADAUD le 7 f\u00e9vrier 1730 \u00e0 Saint-Martin-Ch\u00e2teau (acte de mariage non filiatif). Ils habitent Boussac, m\u00eame paroisse. Magdeleine y d\u00e9c\u00e8de le 29 d\u00e9cembre ..<\/p>\n<div class=\"clear-fix\"><\/div>\n<p><a href=\"https:\/\/www.lesmaconsdelacreuse.fr\/annuaires\/lettre-m\/m_361\/\" title=\"Lire la suite...\">Lire la suite<\/a><\/p>\n","protected":false},"author":2,"featured_media":0,"comment_status":"closed","ping_status":"closed","sticky":false,"template":"","format":"standard","meta":{"_acf_changed":false,"_exactmetrics_skip_tracking":false,"_exactmetrics_sitenote_active":false,"_exactmetrics_sitenote_note":"","_exactmetrics_sitenote_category":0,"footnotes":""},"categories":[14],"tags":[],"class_list":["post-37186","post","type-post","status-publish","format-standard","hentry","category-lettre-m"],"acf":[],"_links":{"self":[{"href":"https:\/\/www.lesmaconsdelacreuse.fr\/annuaires\/wp-json\/wp\/v2\/posts\/37186","targetHints":{"allow":["GET"]}}],"collection":[{"href":"https:\/\/www.lesmaconsdelacreuse.fr\/annuaires\/wp-json\/wp\/v2\/posts"}],"about":[{"href":"https:\/\/www.lesmaconsdelacreuse.fr\/annuaires\/wp-json\/wp\/v2\/types\/post"}],"author":[{"embeddable":true,"href":"https:\/\/www.lesmaconsdelacreuse.fr\/annuaires\/wp-json\/wp\/v2\/users\/2"}],"replies":[{"embeddable":true,"href":"https:\/\/www.lesmaconsdelacreuse.fr\/annuaires\/wp-json\/wp\/v2\/comments?post=37186"}],"version-history":[{"count":0,"href":"https:\/\/www.lesmaconsdelacreuse.fr\/annuaires\/wp-json\/wp\/v2\/posts\/37186\/revisions"}],"wp:attachment":[{"href":"https:\/\/www.lesmaconsdelacreuse.fr\/annuaires\/wp-json\/wp\/v2\/media?parent=37186"}],"wp:term":[{"taxonomy":"category","embeddable":true,"href":"https:\/\/www.lesmaconsdelacreuse.fr\/annuaires\/wp-json\/wp\/v2\/categories?post=37186"},{"taxonomy":"post_tag","embeddable":true,"href":"https:\/\/www.lesmaconsdelacreuse.fr\/annuaires\/wp-json\/wp\/v2\/tags?post=37186"}],"curies":[{"name":"wp","href":"https:\/\/api.w.org\/{rel}","templated":true}]}}