{"id":37201,"date":"2019-08-04T17:23:16","date_gmt":"2019-08-04T15:23:16","guid":{"rendered":"http:\/\/lesmaconsdelacreuse.fr\/annuaire\/?p=37201"},"modified":"2020-01-20T11:07:20","modified_gmt":"2020-01-20T10:07:20","slug":"m_353","status":"publish","type":"post","link":"https:\/\/www.lesmaconsdelacreuse.fr\/annuaires\/lettre-m\/m_353\/","title":{"rendered":"MATHIVAUD L\u00e9onard (1779\u20131825)"},"content":{"rendered":"<p class=\"last-updated\"><strong>Mis \u00e0 jour le :<\/strong> 25\/04\/2026<\/p><h2 style=\"text-align: center;\"><strong>L\u00e9onard MATHIVAUD<\/strong><\/h2>\n<p style=\"text-align: center;\"><strong>1779 \u2013 1825<\/strong><\/p>\n<p style=\"text-align: center;\"><img decoding=\"async\" title=\"\" src=\"https:\/\/lesmaconsdelacreuse.fr\/annuaire\/wp-content\/uploads\/2019\/08\/image1-1092.jpg\" alt=\"\" data-source-id=\"i.0\" data-asset-id=\"37200\" \/><\/p>\n<h4 style=\"text-align: center;\"><span style=\"color: #008000;\"><strong>ma\u00e7on <\/strong>et<strong> cultivateur<\/strong><\/span><\/h4>\n<p style=\"text-align: center;\">n\u00e9 \u00e0 Auphelle (Peyrat-le-Ch\u00e2teau \u2013 87)<\/p>\n<p style=\"text-align: center;\">le 26 juin 1779<\/p>\n<p style=\"text-align: center;\">fils de<\/p>\n<p style=\"text-align: center;\">Jean MATHIVAUD \/ Marie JARRY<\/p>\n<p style=\"text-align: center;\">propri\u00e9taires cultivateurs<\/p>\n<p style=\"text-align: center;\"><span style=\"color: #ffffff;\">\u25d9<\/span><\/p>\n<p><em>L\u00e9onard \u00e9pouse L\u00e9onarde <\/em><strong>BUSSINET <\/strong><em>le 6 f\u00e9vrier <\/em><strong>1813<\/strong><em> \u00e0 Roy\u00e8re (contrat Defournoux \u00e0 Peyrat). Ils habitent Le Ch\u00e2taignoux, commune de Roy\u00e8re.<\/em><\/p>\n<p><em>L\u00e9onard y d\u00e9c\u00e8de le 30 novembre <\/em><strong>1825<\/strong><em>, \u00e2g\u00e9 de 46 ans.<\/em><\/p>\n<p><em>Sa veuve se remarie en <\/em>1828<em> avec L\u00e9onard DEBESSE.<\/em><\/p>\n","protected":false},"excerpt":{"rendered":"<p>Mis \u00e0 jour le : 25\/04\/2026L\u00e9onard MATHIVAUD 1779 \u2013 1825 ma\u00e7on et cultivateur n\u00e9 \u00e0 Auphelle (Peyrat-le-Ch\u00e2teau \u2013 87) le 26 juin 1779 fils de Jean MATHIVAUD \/ Marie JARRY propri\u00e9taires cultivateurs \u25d9 L\u00e9onard \u00e9pouse L\u00e9onarde BUSSINET le 6 f\u00e9vrier 1813 \u00e0 Roy\u00e8re (contrat Defournoux \u00e0 Peyrat). Ils habitent Le Ch\u00e2taignoux, commune de Roy\u00e8re. L\u00e9onard ..<\/p>\n<div class=\"clear-fix\"><\/div>\n<p><a href=\"https:\/\/www.lesmaconsdelacreuse.fr\/annuaires\/lettre-m\/m_353\/\" title=\"Lire la suite...\">Lire la suite<\/a><\/p>\n","protected":false},"author":2,"featured_media":0,"comment_status":"closed","ping_status":"closed","sticky":false,"template":"","format":"standard","meta":{"_acf_changed":false,"_exactmetrics_skip_tracking":false,"_exactmetrics_sitenote_active":false,"_exactmetrics_sitenote_note":"","_exactmetrics_sitenote_category":0,"footnotes":""},"categories":[14],"tags":[],"class_list":["post-37201","post","type-post","status-publish","format-standard","hentry","category-lettre-m"],"acf":[],"_links":{"self":[{"href":"https:\/\/www.lesmaconsdelacreuse.fr\/annuaires\/wp-json\/wp\/v2\/posts\/37201","targetHints":{"allow":["GET"]}}],"collection":[{"href":"https:\/\/www.lesmaconsdelacreuse.fr\/annuaires\/wp-json\/wp\/v2\/posts"}],"about":[{"href":"https:\/\/www.lesmaconsdelacreuse.fr\/annuaires\/wp-json\/wp\/v2\/types\/post"}],"author":[{"embeddable":true,"href":"https:\/\/www.lesmaconsdelacreuse.fr\/annuaires\/wp-json\/wp\/v2\/users\/2"}],"replies":[{"embeddable":true,"href":"https:\/\/www.lesmaconsdelacreuse.fr\/annuaires\/wp-json\/wp\/v2\/comments?post=37201"}],"version-history":[{"count":0,"href":"https:\/\/www.lesmaconsdelacreuse.fr\/annuaires\/wp-json\/wp\/v2\/posts\/37201\/revisions"}],"wp:attachment":[{"href":"https:\/\/www.lesmaconsdelacreuse.fr\/annuaires\/wp-json\/wp\/v2\/media?parent=37201"}],"wp:term":[{"taxonomy":"category","embeddable":true,"href":"https:\/\/www.lesmaconsdelacreuse.fr\/annuaires\/wp-json\/wp\/v2\/categories?post=37201"},{"taxonomy":"post_tag","embeddable":true,"href":"https:\/\/www.lesmaconsdelacreuse.fr\/annuaires\/wp-json\/wp\/v2\/tags?post=37201"}],"curies":[{"name":"wp","href":"https:\/\/api.w.org\/{rel}","templated":true}]}}